{"id":1622,"date":"2026-03-10T07:39:59","date_gmt":"2026-03-10T06:39:59","guid":{"rendered":"https:\/\/neues-mitteldeutschland.de\/?p=1622"},"modified":"2026-03-10T07:39:59","modified_gmt":"2026-03-10T06:39:59","slug":"stadt-leipzig-will-literaturhaus-durch-institutionelle-foerderung-sichern","status":"publish","type":"post","link":"https:\/\/neues-mitteldeutschland.de\/index.php\/2026\/03\/10\/stadt-leipzig-will-literaturhaus-durch-institutionelle-foerderung-sichern\/","title":{"rendered":"Stadt Leipzig will Literaturhaus durch institutionelle F\u00f6rderung sichern"},"content":{"rendered":"<p>Stadt Leipzig will Literaturhaus ab 2027 durch institutionelle F\u00f6rderung sichern<\/p>\n<p>Die Stadt Leipzig will dem Literaturhaus Leipzig e. V. auf Antrag ab dem Haushaltsjahr 2027 eine institutionelle F\u00f6rderung in H\u00f6he von 205.000 Euro j\u00e4hrlich gew\u00e4hren. Das geht aus der Dienstberatung des Oberb\u00fcrgermeisters hervor. Der Stadtrat muss \u00fcber das Vorhaben noch befinden. Damit w\u00e4re der seit 30 Jahren f\u00fcr die \u201eBuchstadt Leipzig\u201c essenzielle Verein in der Lage, sein Angebot aufrechtzuerhalten.<\/p>\n<p>\u201eWir brauchen in Leipzig dringend eine Adresse f\u00fcr Literatur, f\u00fcr Begegnung zwischen Autorinnen und dem Publikum, f\u00fcr junge Leipziger Verlage. Eine solche Heimat ist das Literaturhaus\u201c, sagt Kulturb\u00fcrgermeisterin Dr. Skadi Jennicke.<\/p>\n<p>Das Literaturhaus Leipzig steht seit 1996 f\u00fcr ein \u00fcberregional relevantes Kulturprogramm in Leipzig. Es ist der einzige Ort dieser Art in Sachsen. Hier k\u00f6nnen sowohl Literaturnobelpreistr\u00e4gerinnen als auch junge aufstrebende Autoren und Autorinnen live bei Lesungen erlebt werden. Im Jahr 2025 wurden 167 Veranstaltungen zumeist im Haus des Buches organisiert. Hinzu kamen 7 Ausstellungen. Mehr als 13.000 Besucher aus Leipzig und ganz Deutschland wurden gez\u00e4hlt.<\/p>\n<p>Bislang konnte der Verein sein Angebot aus seinem Vereinsverm\u00f6gen bestreiten, weswegen eine schon 2015 angefragte institutionelle F\u00f6rderung durch die Stadt Leipzig nicht m\u00f6glich war. Stattdessen wurden unregelm\u00e4\u00dfig projektbezogene F\u00f6rderungen gew\u00e4hrt, beispielsweise im Rahmen des st\u00e4dtischen Themenjahres 2025 \u201eMehr als eine Geschichte. Buchstadt Leipzig\u201c. Ohne die nun geplante institutionelle F\u00f6rderung w\u00e4re das Vereinsverm\u00f6gen bis Ende 2027 aufgebraucht. Das laufende Jahr ist das letzte, in dem der Verein seine j\u00e4hrlichen Kosten von rund 280.000 Euro allein stemmen kann.<\/p>\n<p>Hintergrund: Das Literaturhaus im Haus des Buches<\/p>\n<p>Der Literaturhaus Leipzig e. V. (bis 2019 \u201eKuratorium Haus des Buches e.V.\u201c) hat seinen Sitz im \u201eHaus des Buches\u201c (HdB). Das HdB befindet sich an der Stelle, wo 1943 das Deutsche Buchh\u00e4ndlerhaus zerst\u00f6rt wurde. Es war dort 1888 vom B\u00f6rsenverein des Deutschen Buchhandels errichtet worden. Das Grundst\u00fcck hatte der B\u00f6rsenverein 1886 durch eine Schenkung der Stadt Leipzig erhalten. Die Schenkungsurkunde bindet den B\u00f6rsenverein an eine Betreibung des Neubaus mit Ausrichtung auf Literatur und Buchwesen.<\/p>\n<p>Der Verein \u201eKuratorium Haus des Buches e. V.\u201c wurde am 18. April 1990 gegr\u00fcndet und vom Ministerium f\u00fcr Kultur der DDR mit 30 Mio. DDR-Mark Gr\u00fcndungskapital ausgestattet. Der Verein verf\u00fcgte also mit W\u00e4hrungsumstellung 1990 \u00fcber ca. 15 Mio. DM Verm\u00f6gen. Das HdB im Leipziger Gerichtsweg wurde am 20. M\u00e4rz 1996 als Neubau er\u00f6ffnet. Hausherr ist bis heute der B\u00f6rsenverein mit B\u00fcro- und Veranstaltungsr\u00e4umen \u00fcber eine Geb\u00e4udegesellschaft. Die Gesch\u00e4ftsstelle der Landesverb\u00e4nde Sachsen, Sachsen-Anhalt und Th\u00fcringen hat seit dem hier ebenfalls ihren Sitz.<\/p>\n","protected":false},"excerpt":{"rendered":"<p>Stadt Leipzig will Literaturhaus ab 2027 durch institutionelle F\u00f6rderung sichern Die Stadt Leipzig will dem Literaturhaus Leipzig e. V. auf Antrag ab dem Haushaltsjahr 2027 eine institutionelle F\u00f6rderung in H\u00f6he von 205.000 Euro j\u00e4hrlich gew\u00e4hren. Das geht aus der Dienstberatung des Oberb\u00fcrgermeisters hervor. Der Stadtrat muss \u00fcber das Vorhaben noch befinden. Damit w\u00e4re der seit [&hellip;]<\/p>\n","protected":false},"author":1,"featured_media":1097,"comment_status":"closed","ping_status":"open","sticky":false,"template":"","format":"standard","meta":{"footnotes":""},"categories":[24],"tags":[],"class_list":["post-1622","post","type-post","status-publish","format-standard","has-post-thumbnail","hentry","category-leipzig"],"publishpress_future_action":{"enabled":true,"date":"2026-05-23 07:38:20","action":"delete","newStatus":"draft","terms":[0],"taxonomy":"category","extraData":[]},"publishpress_future_workflow_manual_trigger":{"enabledWorkflows":[]},"_links":{"self":[{"href":"https:\/\/neues-mitteldeutschland.de\/index.php\/wp-json\/wp\/v2\/posts\/1622","targetHints":{"allow":["GET"]}}],"collection":[{"href":"https:\/\/neues-mitteldeutschland.de\/index.php\/wp-json\/wp\/v2\/posts"}],"about":[{"href":"https:\/\/neues-mitteldeutschland.de\/index.php\/wp-json\/wp\/v2\/types\/post"}],"author":[{"embeddable":true,"href":"https:\/\/neues-mitteldeutschland.de\/index.php\/wp-json\/wp\/v2\/users\/1"}],"replies":[{"embeddable":true,"href":"https:\/\/neues-mitteldeutschland.de\/index.php\/wp-json\/wp\/v2\/comments?post=1622"}],"version-history":[{"count":1,"href":"https:\/\/neues-mitteldeutschland.de\/index.php\/wp-json\/wp\/v2\/posts\/1622\/revisions"}],"predecessor-version":[{"id":1623,"href":"https:\/\/neues-mitteldeutschland.de\/index.php\/wp-json\/wp\/v2\/posts\/1622\/revisions\/1623"}],"wp:featuredmedia":[{"embeddable":true,"href":"https:\/\/neues-mitteldeutschland.de\/index.php\/wp-json\/wp\/v2\/media\/1097"}],"wp:attachment":[{"href":"https:\/\/neues-mitteldeutschland.de\/index.php\/wp-json\/wp\/v2\/media?parent=1622"}],"wp:term":[{"taxonomy":"category","embeddable":true,"href":"https:\/\/neues-mitteldeutschland.de\/index.php\/wp-json\/wp\/v2\/categories?post=1622"},{"taxonomy":"post_tag","embeddable":true,"href":"https:\/\/neues-mitteldeutschland.de\/index.php\/wp-json\/wp\/v2\/tags?post=1622"}],"curies":[{"name":"wp","href":"https:\/\/api.w.org\/{rel}","templated":true}]}}