{"id":1909,"date":"2026-04-25T09:16:08","date_gmt":"2026-04-25T07:16:08","guid":{"rendered":"https:\/\/neues-mitteldeutschland.de\/?p=1909"},"modified":"2026-04-25T09:16:08","modified_gmt":"2026-04-25T07:16:08","slug":"geraer-bibliothek-startet-mal-und-zeichenwettbewerb-fuer-kinder-und-jugendliche","status":"publish","type":"post","link":"https:\/\/neues-mitteldeutschland.de\/index.php\/2026\/04\/25\/geraer-bibliothek-startet-mal-und-zeichenwettbewerb-fuer-kinder-und-jugendliche\/","title":{"rendered":"Geraer Bibliothek startet Mal- und Zeichenwettbewerb f\u00fcr Kinder und Jugendliche"},"content":{"rendered":"<p>Meine Stadt der Zukunft &#8211; Geraer Bibliothek startet Mal- und Zeichenwettbewerb f\u00fcr Kinder und Jugendliche<\/p>\n<p>Mitmachen k\u00f6nnen alle ab 10 Jahren. Zeichenworkshop f\u00fcr Einsteiger am Samstag, dem 9. Mai 2026, 10.30 Uhr, mit Alexander Neugebauer.<\/p>\n<p>Die Stadt- und Regionalbibliothek Gera startete bereits zum f\u00fcnften Mal einen Zeichenwettbewerb f\u00fcr Kinder und Jugendliche, das Thema dieses Jahr lautet \u201eMeine Stadt der Zukunft\u201c. Einen Unterschied zu den Vorjahren gibt es allerdings. Bisher waren immer kreative Bilder im Manga-Stil gesucht, zu unterschiedlichen Themen wie \u201eMagische Welten\u201c, \u201eMensch und Maschine\u201c und zuletzt 2024 \u201eZeitreise\u201c. In diesem Jahr fiel gemeinsam mit dem Virtuosen und Schmierfinken e. V., Kooperationspartner seit dem ersten Wettbewerb 2017, die Entscheidung, den Wettbewerb als Mal- und Zeichenwettbewerb offen zu gestalten. Mitmachen k\u00f6nnen alle ab 10 Jahren. Gesucht sind Arbeiten auf Papier nicht gr\u00f6\u00dfer als DIN A3 oder als Leinwand mit maximal 40 x 50 cm Gr\u00f6\u00dfe, gemalt oder gezeichnet mit Farben, Stiften, Kreide, Kohle oder Tusche. Beim Wettbewerb gefragt sind eigene kreative Entw\u00fcrfe: Stell dir vor, du erwachst in 100 Jahren in der Zukunft! Wie sieht das Leben dort aus? Nachhaltiger, voller moderner Technologie oder einfach nur bunt und verr\u00fcckt? Entwirf deine Stadt der Zukunft! Was z\u00e4hlt ist die Idee und kreative Umsetzung.<\/p>\n<p>Die Arbeiten k\u00f6nnen bis 10. Juli 2026 in der Bibliothek am Puschkinplatz eingereicht werden. Wichtig ist die Angabe des vollst\u00e4ndigen Namens, des Alters und der Adresse und\/oder E-Mail-Adresse. Eine Jury bewertet alle Einreichungen. Die Bibliothek pr\u00e4sentiert eine Auswahl der Bilder ab 20. Juli 2026 in ihrer Galerie. Die kreativsten Arbeiten werden im Anschluss mit Preisen ausgezeichnet.<\/p>\n<p>Wer sich vorab noch Starthilfe und Anregungen holen m\u00f6chte ist eingeladen am Samstag, dem 9. Mai 2026, 10.30 bis 12 Uhr, zum Zeichenworkshop \u201eDas Geheimnis des ersten Strichs\u201c mit Alexander Neugebauer vom Virtuosen und Schmierfinken e. V. In diesem Workshop wird der Frage nachgegangen, warum der Anfang oft schwerf\u00e4llt und wie man ins kreative Tun kommt. Mit einfachen, wirkungsvollen Methoden entdecken die Teilnehmenden, wie sie sich von inneren Bewertungsmustern befreien und gleichzeitig das Vertrauen in den eigenen Ausdruck st\u00e4rken k\u00f6nnen. Die Teilnahme ist kostenlos, eine Anmeldung ist erforderlich \u2013 vor Ort in der Bibliothek oder telefonisch unter 0365 838 3378.<\/p>\n<p>Neben dem Virtuosen und Schmierfinken e. V. unterst\u00fctzen auch die Sparkasse Gera-Greiz, das Staatliche Schulamt Ostth\u00fcringen, die Buchhandlung Thalia und der Bibliotheksf\u00f6rderverein Buch und Leser e.V. den Mal- und Zeichenwettbewerb.<\/p>\n<p>Alle Informationen und die vollst\u00e4ndigen Teilnahmebedingungen unter: <a href=\"http:\/\/www.biblio.gera.de\">biblio.gera.de<\/a><\/p>\n<p><strong>Bildmaterial: <\/strong><\/p>\n<p>Gruppenfoto: Mal- und Zeichenwettbewerb der Bibliothek \u201eMeine Stadt der Zukunft\u201c &#8211; Mach mit! \u00a9Stadt Gera, Bibliothek (Silke Hammer)<\/p>\n<p>(v.l.n.r. Jenny-Alexandra Hauptmann, Katarina Saupe, Emily Woyke, Marie Geschwandtner, Selina Maria Seiler)<\/p>\n<p>Stifte-Foto \u00a9Stadt Gera, Bibliothek (Selina Maria Seiler)<\/p>\n","protected":false},"excerpt":{"rendered":"<p>Meine Stadt der Zukunft &#8211; Geraer Bibliothek startet Mal- und Zeichenwettbewerb f\u00fcr Kinder und Jugendliche Mitmachen k\u00f6nnen alle ab 10 Jahren. Zeichenworkshop f\u00fcr Einsteiger am Samstag, dem 9. Mai 2026, 10.30 Uhr, mit Alexander Neugebauer. Die Stadt- und Regionalbibliothek Gera startete bereits zum f\u00fcnften Mal einen Zeichenwettbewerb f\u00fcr Kinder und Jugendliche, das Thema dieses Jahr [&hellip;]<\/p>\n","protected":false},"author":1,"featured_media":1910,"comment_status":"closed","ping_status":"open","sticky":false,"template":"","format":"standard","meta":{"footnotes":""},"categories":[1],"tags":[],"class_list":["post-1909","post","type-post","status-publish","format-standard","has-post-thumbnail","hentry","category-regionale-news"],"publishpress_future_action":{"enabled":true,"date":"2026-05-31 09:14:24","action":"delete","newStatus":"draft","terms":[0],"taxonomy":"category","extraData":[]},"publishpress_future_workflow_manual_trigger":{"enabledWorkflows":[]},"_links":{"self":[{"href":"https:\/\/neues-mitteldeutschland.de\/index.php\/wp-json\/wp\/v2\/posts\/1909","targetHints":{"allow":["GET"]}}],"collection":[{"href":"https:\/\/neues-mitteldeutschland.de\/index.php\/wp-json\/wp\/v2\/posts"}],"about":[{"href":"https:\/\/neues-mitteldeutschland.de\/index.php\/wp-json\/wp\/v2\/types\/post"}],"author":[{"embeddable":true,"href":"https:\/\/neues-mitteldeutschland.de\/index.php\/wp-json\/wp\/v2\/users\/1"}],"replies":[{"embeddable":true,"href":"https:\/\/neues-mitteldeutschland.de\/index.php\/wp-json\/wp\/v2\/comments?post=1909"}],"version-history":[{"count":1,"href":"https:\/\/neues-mitteldeutschland.de\/index.php\/wp-json\/wp\/v2\/posts\/1909\/revisions"}],"predecessor-version":[{"id":1911,"href":"https:\/\/neues-mitteldeutschland.de\/index.php\/wp-json\/wp\/v2\/posts\/1909\/revisions\/1911"}],"wp:featuredmedia":[{"embeddable":true,"href":"https:\/\/neues-mitteldeutschland.de\/index.php\/wp-json\/wp\/v2\/media\/1910"}],"wp:attachment":[{"href":"https:\/\/neues-mitteldeutschland.de\/index.php\/wp-json\/wp\/v2\/media?parent=1909"}],"wp:term":[{"taxonomy":"category","embeddable":true,"href":"https:\/\/neues-mitteldeutschland.de\/index.php\/wp-json\/wp\/v2\/categories?post=1909"},{"taxonomy":"post_tag","embeddable":true,"href":"https:\/\/neues-mitteldeutschland.de\/index.php\/wp-json\/wp\/v2\/tags?post=1909"}],"curies":[{"name":"wp","href":"https:\/\/api.w.org\/{rel}","templated":true}]}}