{"id":2875,"date":"2026-09-02T13:54:00","date_gmt":"2026-09-02T11:54:00","guid":{"rendered":"https:\/\/neues-mitteldeutschland.de\/?p=2875"},"modified":"2026-09-02T13:54:00","modified_gmt":"2026-09-02T11:54:00","slug":"geht-raus-elektro-open-air-am-05-09-2026-im-hofwiesenpark-gera","status":"publish","type":"post","link":"https:\/\/neues-mitteldeutschland.de\/index.php\/2026\/09\/02\/geht-raus-elektro-open-air-am-05-09-2026-im-hofwiesenpark-gera\/","title":{"rendered":"GEht RAus! Elektro Open Air am 05.09.2026 im Hofwiesenpark Gera"},"content":{"rendered":"<p><strong>GEht RAus! Elektro Open Air am 05.09.2026 im Hofwiesenpark Gera<\/strong><\/p>\n<p><strong>\u00a0<\/strong><\/p>\n<p>Noch einmal Sommer, noch einmal Open-Air, noch einmal richtig feiern!<br \/>\nAm <strong>5. September<\/strong> wird die Sparkassenb\u00fchne im Geraer Hofwiesenpark zum Treffpunkt f\u00fcr alle Fans elektronischer Musik.<\/p>\n<p>Von <strong>14 Uhr bis 0 Uhr<\/strong> sorgen unter anderem <strong>Chris Liebing, PAN-POT, Anja Schneider, Henrik Schwarz, Komfortrauschen, Kristin Velvet und Nina Hepburn<\/strong> f\u00fcr zw\u00f6lf Stunden feinste Beats und Festivalfeeling. Dazu gibt\u2019s eine fantastische Atmosph\u00e4re mitten im Gr\u00fcnen, leckere Gastro und k\u00fchle Drinks \u2013 also beste Voraussetzungen f\u00fcr einen letzten gro\u00dfen Open-Air-Tag, bevor sich der Sommer langsam verabschiedet.<\/p>\n<p>&nbsp;<\/p>\n<p>Tickets gibt\u2019s im Vorverkauf f\u00fcr 35 Euro \u2013 an der Tageskasse kostet der Eintritt 40 Euro.<\/p>\n<p>Weitere Infos unter <a href=\"http:\/\/www.gera.de\/gehtraus\">www.gera.de\/gehtraus<\/a><\/p>\n","protected":false},"excerpt":{"rendered":"<p>GEht RAus! Elektro Open Air am 05.09.2026 im Hofwiesenpark Gera \u00a0 Noch einmal Sommer, noch einmal Open-Air, noch einmal richtig feiern! Am 5. September wird die Sparkassenb\u00fchne im Geraer Hofwiesenpark zum Treffpunkt f\u00fcr alle Fans elektronischer Musik. Von 14 Uhr bis 0 Uhr sorgen unter anderem Chris Liebing, PAN-POT, Anja Schneider, Henrik Schwarz, Komfortrauschen, Kristin [&hellip;]<\/p>\n","protected":false},"author":1,"featured_media":134,"comment_status":"closed","ping_status":"open","sticky":false,"template":"","format":"standard","meta":{"footnotes":""},"categories":[22],"tags":[],"class_list":["post-2875","post","type-post","status-publish","format-standard","has-post-thumbnail","hentry","category-gera"],"yoast_head":"<!-- This site is optimized with the Yoast SEO plugin v28.2 - https:\/\/yoast.com\/product\/yoast-seo-wordpress\/ -->\n<title>GEht RAus! Elektro Open Air am 05.09.2026 im Hofwiesenpark Gera -<\/title>\n<meta name=\"robots\" content=\"index, follow, max-snippet:-1, max-image-preview:large, max-video-preview:-1\" \/>\n<link rel=\"canonical\" href=\"https:\/\/neues-mitteldeutschland.de\/index.php\/2026\/09\/02\/geht-raus-elektro-open-air-am-05-09-2026-im-hofwiesenpark-gera\/\" \/>\n<meta property=\"og:locale\" content=\"de_DE\" \/>\n<meta property=\"og:type\" content=\"article\" \/>\n<meta property=\"og:title\" content=\"GEht RAus! Elektro Open Air am 05.09.2026 im Hofwiesenpark Gera -\" \/>\n<meta property=\"og:description\" content=\"GEht RAus! Elektro Open Air am 05.09.2026 im Hofwiesenpark Gera \u00a0 Noch einmal Sommer, noch einmal Open-Air, noch einmal richtig feiern! Am 5. September wird die Sparkassenb\u00fchne im Geraer Hofwiesenpark zum Treffpunkt f\u00fcr alle Fans elektronischer Musik. Von 14 Uhr bis 0 Uhr sorgen unter anderem Chris Liebing, PAN-POT, Anja Schneider, Henrik Schwarz, Komfortrauschen, Kristin [&hellip;]\" \/>\n<meta property=\"og:url\" content=\"https:\/\/neues-mitteldeutschland.de\/index.php\/2026\/09\/02\/geht-raus-elektro-open-air-am-05-09-2026-im-hofwiesenpark-gera\/\" \/>\n<meta property=\"article:publisher\" content=\"https:\/\/www.facebook.com\/NeuesMitteldeutschland\" \/>\n<meta property=\"article:published_time\" content=\"2026-09-02T11:54:00+00:00\" \/>\n<meta property=\"og:image\" content=\"https:\/\/neues-mitteldeutschland.de\/wp-content\/uploads\/2025\/10\/Portaleintrag_Gera.jpg\" \/>\n\t<meta property=\"og:image:width\" content=\"1200\" \/>\n\t<meta property=\"og:image:height\" content=\"626\" \/>\n\t<meta property=\"og:image:type\" content=\"image\/jpeg\" \/>\n<meta name=\"author\" content=\"NMD-Admin\" \/>\n<meta name=\"twitter:card\" content=\"summary_large_image\" \/>\n<meta name=\"twitter:label1\" content=\"Verfasst von\" \/>\n\t<meta name=\"twitter:data1\" content=\"NMD-Admin\" \/>\n\t<meta name=\"twitter:label2\" content=\"Gesch\u00e4tzte Lesezeit\" \/>\n\t<meta name=\"twitter:data2\" content=\"1\u00a0Minute\" \/>\n<script type=\"application\/ld+json\" class=\"yoast-schema-graph\">{\"@context\":\"https:\\\/\\\/schema.org\",\"@graph\":[{\"@type\":\"Article\",\"@id\":\"https:\\\/\\\/neues-mitteldeutschland.de\\\/index.php\\\/2026\\\/09\\\/02\\\/geht-raus-elektro-open-air-am-05-09-2026-im-hofwiesenpark-gera\\\/#article\",\"isPartOf\":{\"@id\":\"https:\\\/\\\/neues-mitteldeutschland.de\\\/index.php\\\/2026\\\/09\\\/02\\\/geht-raus-elektro-open-air-am-05-09-2026-im-hofwiesenpark-gera\\\/\"},\"author\":{\"name\":\"NMD-Admin\",\"@id\":\"https:\\\/\\\/neues-mitteldeutschland.de\\\/#\\\/schema\\\/person\\\/a035875f548cacf83c2f6b0011631327\"},\"headline\":\"GEht RAus! Elektro Open Air am 05.09.2026 im Hofwiesenpark Gera\",\"datePublished\":\"2026-09-02T11:54:00+00:00\",\"mainEntityOfPage\":{\"@id\":\"https:\\\/\\\/neues-mitteldeutschland.de\\\/index.php\\\/2026\\\/09\\\/02\\\/geht-raus-elektro-open-air-am-05-09-2026-im-hofwiesenpark-gera\\\/\"},\"wordCount\":130,\"publisher\":{\"@id\":\"https:\\\/\\\/neues-mitteldeutschland.de\\\/#organization\"},\"image\":{\"@id\":\"https:\\\/\\\/neues-mitteldeutschland.de\\\/index.php\\\/2026\\\/09\\\/02\\\/geht-raus-elektro-open-air-am-05-09-2026-im-hofwiesenpark-gera\\\/#primaryimage\"},\"thumbnailUrl\":\"https:\\\/\\\/neues-mitteldeutschland.de\\\/wp-content\\\/uploads\\\/2025\\\/10\\\/Portaleintrag_Gera.jpg\",\"articleSection\":[\"Gera\"],\"inLanguage\":\"de\"},{\"@type\":\"WebPage\",\"@id\":\"https:\\\/\\\/neues-mitteldeutschland.de\\\/index.php\\\/2026\\\/09\\\/02\\\/geht-raus-elektro-open-air-am-05-09-2026-im-hofwiesenpark-gera\\\/\",\"url\":\"https:\\\/\\\/neues-mitteldeutschland.de\\\/index.php\\\/2026\\\/09\\\/02\\\/geht-raus-elektro-open-air-am-05-09-2026-im-hofwiesenpark-gera\\\/\",\"name\":\"GEht RAus! Elektro Open Air am 05.09.2026 im Hofwiesenpark Gera -\",\"isPartOf\":{\"@id\":\"https:\\\/\\\/neues-mitteldeutschland.de\\\/#website\"},\"primaryImageOfPage\":{\"@id\":\"https:\\\/\\\/neues-mitteldeutschland.de\\\/index.php\\\/2026\\\/09\\\/02\\\/geht-raus-elektro-open-air-am-05-09-2026-im-hofwiesenpark-gera\\\/#primaryimage\"},\"image\":{\"@id\":\"https:\\\/\\\/neues-mitteldeutschland.de\\\/index.php\\\/2026\\\/09\\\/02\\\/geht-raus-elektro-open-air-am-05-09-2026-im-hofwiesenpark-gera\\\/#primaryimage\"},\"thumbnailUrl\":\"https:\\\/\\\/neues-mitteldeutschland.de\\\/wp-content\\\/uploads\\\/2025\\\/10\\\/Portaleintrag_Gera.jpg\",\"datePublished\":\"2026-09-02T11:54:00+00:00\",\"breadcrumb\":{\"@id\":\"https:\\\/\\\/neues-mitteldeutschland.de\\\/index.php\\\/2026\\\/09\\\/02\\\/geht-raus-elektro-open-air-am-05-09-2026-im-hofwiesenpark-gera\\\/#breadcrumb\"},\"inLanguage\":\"de\",\"potentialAction\":[{\"@type\":\"ReadAction\",\"target\":[\"https:\\\/\\\/neues-mitteldeutschland.de\\\/index.php\\\/2026\\\/09\\\/02\\\/geht-raus-elektro-open-air-am-05-09-2026-im-hofwiesenpark-gera\\\/\"]}]},{\"@type\":\"ImageObject\",\"inLanguage\":\"de\",\"@id\":\"https:\\\/\\\/neues-mitteldeutschland.de\\\/index.php\\\/2026\\\/09\\\/02\\\/geht-raus-elektro-open-air-am-05-09-2026-im-hofwiesenpark-gera\\\/#primaryimage\",\"url\":\"https:\\\/\\\/neues-mitteldeutschland.de\\\/wp-content\\\/uploads\\\/2025\\\/10\\\/Portaleintrag_Gera.jpg\",\"contentUrl\":\"https:\\\/\\\/neues-mitteldeutschland.de\\\/wp-content\\\/uploads\\\/2025\\\/10\\\/Portaleintrag_Gera.jpg\",\"width\":1200,\"height\":626},{\"@type\":\"BreadcrumbList\",\"@id\":\"https:\\\/\\\/neues-mitteldeutschland.de\\\/index.php\\\/2026\\\/09\\\/02\\\/geht-raus-elektro-open-air-am-05-09-2026-im-hofwiesenpark-gera\\\/#breadcrumb\",\"itemListElement\":[{\"@type\":\"ListItem\",\"position\":1,\"name\":\"Start\",\"item\":\"https:\\\/\\\/neues-mitteldeutschland.de\\\/\"},{\"@type\":\"ListItem\",\"position\":2,\"name\":\"GEht RAus! Elektro Open Air am 05.09.2026 im Hofwiesenpark Gera\"}]},{\"@type\":\"WebSite\",\"@id\":\"https:\\\/\\\/neues-mitteldeutschland.de\\\/#website\",\"url\":\"https:\\\/\\\/neues-mitteldeutschland.de\\\/\",\"name\":\"Neues-Mitteldeutschland\",\"description\":\"Ihre Werbeagentur, Nachrichten- &amp; Branchenportal\",\"publisher\":{\"@id\":\"https:\\\/\\\/neues-mitteldeutschland.de\\\/#organization\"},\"potentialAction\":[{\"@type\":\"SearchAction\",\"target\":{\"@type\":\"EntryPoint\",\"urlTemplate\":\"https:\\\/\\\/neues-mitteldeutschland.de\\\/?s={search_term_string}\"},\"query-input\":{\"@type\":\"PropertyValueSpecification\",\"valueRequired\":true,\"valueName\":\"search_term_string\"}}],\"inLanguage\":\"de\"},{\"@type\":\"Organization\",\"@id\":\"https:\\\/\\\/neues-mitteldeutschland.de\\\/#organization\",\"name\":\"Neues-Mitteldeutschland\",\"url\":\"https:\\\/\\\/neues-mitteldeutschland.de\\\/\",\"logo\":{\"@type\":\"ImageObject\",\"inLanguage\":\"de\",\"@id\":\"https:\\\/\\\/neues-mitteldeutschland.de\\\/#\\\/schema\\\/logo\\\/image\\\/\",\"url\":\"https:\\\/\\\/neues-mitteldeutschland.de\\\/wp-content\\\/uploads\\\/2026\\\/01\\\/cropped-Logo-Banner.jpg\",\"contentUrl\":\"https:\\\/\\\/neues-mitteldeutschland.de\\\/wp-content\\\/uploads\\\/2026\\\/01\\\/cropped-Logo-Banner.jpg\",\"width\":1152,\"height\":170,\"caption\":\"Neues-Mitteldeutschland\"},\"image\":{\"@id\":\"https:\\\/\\\/neues-mitteldeutschland.de\\\/#\\\/schema\\\/logo\\\/image\\\/\"},\"sameAs\":[\"https:\\\/\\\/www.facebook.com\\\/NeuesMitteldeutschland\",\"https:\\\/\\\/www.instagram.com\\\/neues_mitteldeutschland_gc\\\/\"]},{\"@type\":\"Person\",\"@id\":\"https:\\\/\\\/neues-mitteldeutschland.de\\\/#\\\/schema\\\/person\\\/a035875f548cacf83c2f6b0011631327\",\"name\":\"NMD-Admin\",\"image\":{\"@type\":\"ImageObject\",\"inLanguage\":\"de\",\"@id\":\"https:\\\/\\\/secure.gravatar.com\\\/avatar\\\/4c19fba03af26e7fee85b847ac08e68b88b74f1044c942c04173631c7e2607f5?s=96&d=mm&r=g\",\"url\":\"https:\\\/\\\/secure.gravatar.com\\\/avatar\\\/4c19fba03af26e7fee85b847ac08e68b88b74f1044c942c04173631c7e2607f5?s=96&d=mm&r=g\",\"contentUrl\":\"https:\\\/\\\/secure.gravatar.com\\\/avatar\\\/4c19fba03af26e7fee85b847ac08e68b88b74f1044c942c04173631c7e2607f5?s=96&d=mm&r=g\",\"caption\":\"NMD-Admin\"},\"sameAs\":[\"http:\\\/\\\/neuesmitteldeutschland.test\"],\"url\":\"https:\\\/\\\/neues-mitteldeutschland.de\\\/index.php\\\/author\\\/nmd-admin\\\/\"}]}<\/script>\n<!-- \/ Yoast SEO plugin. -->","yoast_head_json":{"title":"GEht RAus! Elektro Open Air am 05.09.2026 im Hofwiesenpark Gera -","robots":{"index":"index","follow":"follow","max-snippet":"max-snippet:-1","max-image-preview":"max-image-preview:large","max-video-preview":"max-video-preview:-1"},"canonical":"https:\/\/neues-mitteldeutschland.de\/index.php\/2026\/09\/02\/geht-raus-elektro-open-air-am-05-09-2026-im-hofwiesenpark-gera\/","og_locale":"de_DE","og_type":"article","og_title":"GEht RAus! Elektro Open Air am 05.09.2026 im Hofwiesenpark Gera -","og_description":"GEht RAus! Elektro Open Air am 05.09.2026 im Hofwiesenpark Gera \u00a0 Noch einmal Sommer, noch einmal Open-Air, noch einmal richtig feiern! Am 5. September wird die Sparkassenb\u00fchne im Geraer Hofwiesenpark zum Treffpunkt f\u00fcr alle Fans elektronischer Musik. Von 14 Uhr bis 0 Uhr sorgen unter anderem Chris Liebing, PAN-POT, Anja Schneider, Henrik Schwarz, Komfortrauschen, Kristin [&hellip;]","og_url":"https:\/\/neues-mitteldeutschland.de\/index.php\/2026\/09\/02\/geht-raus-elektro-open-air-am-05-09-2026-im-hofwiesenpark-gera\/","article_publisher":"https:\/\/www.facebook.com\/NeuesMitteldeutschland","article_published_time":"2026-09-02T11:54:00+00:00","og_image":[{"width":1200,"height":626,"url":"https:\/\/neues-mitteldeutschland.de\/wp-content\/uploads\/2025\/10\/Portaleintrag_Gera.jpg","type":"image\/jpeg"}],"author":"NMD-Admin","twitter_card":"summary_large_image","twitter_misc":{"Verfasst von":"NMD-Admin","Gesch\u00e4tzte Lesezeit":"1\u00a0Minute"},"schema":{"@context":"https:\/\/schema.org","@graph":[{"@type":"Article","@id":"https:\/\/neues-mitteldeutschland.de\/index.php\/2026\/09\/02\/geht-raus-elektro-open-air-am-05-09-2026-im-hofwiesenpark-gera\/#article","isPartOf":{"@id":"https:\/\/neues-mitteldeutschland.de\/index.php\/2026\/09\/02\/geht-raus-elektro-open-air-am-05-09-2026-im-hofwiesenpark-gera\/"},"author":{"name":"NMD-Admin","@id":"https:\/\/neues-mitteldeutschland.de\/#\/schema\/person\/a035875f548cacf83c2f6b0011631327"},"headline":"GEht RAus! Elektro Open Air am 05.09.2026 im Hofwiesenpark Gera","datePublished":"2026-09-02T11:54:00+00:00","mainEntityOfPage":{"@id":"https:\/\/neues-mitteldeutschland.de\/index.php\/2026\/09\/02\/geht-raus-elektro-open-air-am-05-09-2026-im-hofwiesenpark-gera\/"},"wordCount":130,"publisher":{"@id":"https:\/\/neues-mitteldeutschland.de\/#organization"},"image":{"@id":"https:\/\/neues-mitteldeutschland.de\/index.php\/2026\/09\/02\/geht-raus-elektro-open-air-am-05-09-2026-im-hofwiesenpark-gera\/#primaryimage"},"thumbnailUrl":"https:\/\/neues-mitteldeutschland.de\/wp-content\/uploads\/2025\/10\/Portaleintrag_Gera.jpg","articleSection":["Gera"],"inLanguage":"de"},{"@type":"WebPage","@id":"https:\/\/neues-mitteldeutschland.de\/index.php\/2026\/09\/02\/geht-raus-elektro-open-air-am-05-09-2026-im-hofwiesenpark-gera\/","url":"https:\/\/neues-mitteldeutschland.de\/index.php\/2026\/09\/02\/geht-raus-elektro-open-air-am-05-09-2026-im-hofwiesenpark-gera\/","name":"GEht RAus! Elektro Open Air am 05.09.2026 im Hofwiesenpark Gera -","isPartOf":{"@id":"https:\/\/neues-mitteldeutschland.de\/#website"},"primaryImageOfPage":{"@id":"https:\/\/neues-mitteldeutschland.de\/index.php\/2026\/09\/02\/geht-raus-elektro-open-air-am-05-09-2026-im-hofwiesenpark-gera\/#primaryimage"},"image":{"@id":"https:\/\/neues-mitteldeutschland.de\/index.php\/2026\/09\/02\/geht-raus-elektro-open-air-am-05-09-2026-im-hofwiesenpark-gera\/#primaryimage"},"thumbnailUrl":"https:\/\/neues-mitteldeutschland.de\/wp-content\/uploads\/2025\/10\/Portaleintrag_Gera.jpg","datePublished":"2026-09-02T11:54:00+00:00","breadcrumb":{"@id":"https:\/\/neues-mitteldeutschland.de\/index.php\/2026\/09\/02\/geht-raus-elektro-open-air-am-05-09-2026-im-hofwiesenpark-gera\/#breadcrumb"},"inLanguage":"de","potentialAction":[{"@type":"ReadAction","target":["https:\/\/neues-mitteldeutschland.de\/index.php\/2026\/09\/02\/geht-raus-elektro-open-air-am-05-09-2026-im-hofwiesenpark-gera\/"]}]},{"@type":"ImageObject","inLanguage":"de","@id":"https:\/\/neues-mitteldeutschland.de\/index.php\/2026\/09\/02\/geht-raus-elektro-open-air-am-05-09-2026-im-hofwiesenpark-gera\/#primaryimage","url":"https:\/\/neues-mitteldeutschland.de\/wp-content\/uploads\/2025\/10\/Portaleintrag_Gera.jpg","contentUrl":"https:\/\/neues-mitteldeutschland.de\/wp-content\/uploads\/2025\/10\/Portaleintrag_Gera.jpg","width":1200,"height":626},{"@type":"BreadcrumbList","@id":"https:\/\/neues-mitteldeutschland.de\/index.php\/2026\/09\/02\/geht-raus-elektro-open-air-am-05-09-2026-im-hofwiesenpark-gera\/#breadcrumb","itemListElement":[{"@type":"ListItem","position":1,"name":"Start","item":"https:\/\/neues-mitteldeutschland.de\/"},{"@type":"ListItem","position":2,"name":"GEht RAus! Elektro Open Air am 05.09.2026 im Hofwiesenpark Gera"}]},{"@type":"WebSite","@id":"https:\/\/neues-mitteldeutschland.de\/#website","url":"https:\/\/neues-mitteldeutschland.de\/","name":"Neues-Mitteldeutschland","description":"Ihre Werbeagentur, Nachrichten- &amp; Branchenportal","publisher":{"@id":"https:\/\/neues-mitteldeutschland.de\/#organization"},"potentialAction":[{"@type":"SearchAction","target":{"@type":"EntryPoint","urlTemplate":"https:\/\/neues-mitteldeutschland.de\/?s={search_term_string}"},"query-input":{"@type":"PropertyValueSpecification","valueRequired":true,"valueName":"search_term_string"}}],"inLanguage":"de"},{"@type":"Organization","@id":"https:\/\/neues-mitteldeutschland.de\/#organization","name":"Neues-Mitteldeutschland","url":"https:\/\/neues-mitteldeutschland.de\/","logo":{"@type":"ImageObject","inLanguage":"de","@id":"https:\/\/neues-mitteldeutschland.de\/#\/schema\/logo\/image\/","url":"https:\/\/neues-mitteldeutschland.de\/wp-content\/uploads\/2026\/01\/cropped-Logo-Banner.jpg","contentUrl":"https:\/\/neues-mitteldeutschland.de\/wp-content\/uploads\/2026\/01\/cropped-Logo-Banner.jpg","width":1152,"height":170,"caption":"Neues-Mitteldeutschland"},"image":{"@id":"https:\/\/neues-mitteldeutschland.de\/#\/schema\/logo\/image\/"},"sameAs":["https:\/\/www.facebook.com\/NeuesMitteldeutschland","https:\/\/www.instagram.com\/neues_mitteldeutschland_gc\/"]},{"@type":"Person","@id":"https:\/\/neues-mitteldeutschland.de\/#\/schema\/person\/a035875f548cacf83c2f6b0011631327","name":"NMD-Admin","image":{"@type":"ImageObject","inLanguage":"de","@id":"https:\/\/secure.gravatar.com\/avatar\/4c19fba03af26e7fee85b847ac08e68b88b74f1044c942c04173631c7e2607f5?s=96&d=mm&r=g","url":"https:\/\/secure.gravatar.com\/avatar\/4c19fba03af26e7fee85b847ac08e68b88b74f1044c942c04173631c7e2607f5?s=96&d=mm&r=g","contentUrl":"https:\/\/secure.gravatar.com\/avatar\/4c19fba03af26e7fee85b847ac08e68b88b74f1044c942c04173631c7e2607f5?s=96&d=mm&r=g","caption":"NMD-Admin"},"sameAs":["http:\/\/neuesmitteldeutschland.test"],"url":"https:\/\/neues-mitteldeutschland.de\/index.php\/author\/nmd-admin\/"}]}},"publishpress_future_action":{"enabled":true,"date":"2026-09-06 13:53:20","action":"delete","newStatus":"draft","terms":[0],"taxonomy":"category","extraData":[]},"publishpress_future_workflow_manual_trigger":{"enabledWorkflows":[]},"_links":{"self":[{"href":"https:\/\/neues-mitteldeutschland.de\/index.php\/wp-json\/wp\/v2\/posts\/2875","targetHints":{"allow":["GET"]}}],"collection":[{"href":"https:\/\/neues-mitteldeutschland.de\/index.php\/wp-json\/wp\/v2\/posts"}],"about":[{"href":"https:\/\/neues-mitteldeutschland.de\/index.php\/wp-json\/wp\/v2\/types\/post"}],"author":[{"embeddable":true,"href":"https:\/\/neues-mitteldeutschland.de\/index.php\/wp-json\/wp\/v2\/users\/1"}],"replies":[{"embeddable":true,"href":"https:\/\/neues-mitteldeutschland.de\/index.php\/wp-json\/wp\/v2\/comments?post=2875"}],"version-history":[{"count":1,"href":"https:\/\/neues-mitteldeutschland.de\/index.php\/wp-json\/wp\/v2\/posts\/2875\/revisions"}],"predecessor-version":[{"id":2876,"href":"https:\/\/neues-mitteldeutschland.de\/index.php\/wp-json\/wp\/v2\/posts\/2875\/revisions\/2876"}],"wp:featuredmedia":[{"embeddable":true,"href":"https:\/\/neues-mitteldeutschland.de\/index.php\/wp-json\/wp\/v2\/media\/134"}],"wp:attachment":[{"href":"https:\/\/neues-mitteldeutschland.de\/index.php\/wp-json\/wp\/v2\/media?parent=2875"}],"wp:term":[{"taxonomy":"category","embeddable":true,"href":"https:\/\/neues-mitteldeutschland.de\/index.php\/wp-json\/wp\/v2\/categories?post=2875"},{"taxonomy":"post_tag","embeddable":true,"href":"https:\/\/neues-mitteldeutschland.de\/index.php\/wp-json\/wp\/v2\/tags?post=2875"}],"curies":[{"name":"wp","href":"https:\/\/api.w.org\/{rel}","templated":true}]}}