{"id":2887,"date":"2026-09-02T14:12:25","date_gmt":"2026-09-02T12:12:25","guid":{"rendered":"https:\/\/neues-mitteldeutschland.de\/?p=2887"},"modified":"2026-09-02T14:12:25","modified_gmt":"2026-09-02T12:12:25","slug":"stadt-halle-saale-laedt-zur-kommunalen-gesundheitskonferenz-und-verleihung-des-gesundheitspreises-2026-ein","status":"publish","type":"post","link":"https:\/\/neues-mitteldeutschland.de\/index.php\/2026\/09\/02\/stadt-halle-saale-laedt-zur-kommunalen-gesundheitskonferenz-und-verleihung-des-gesundheitspreises-2026-ein\/","title":{"rendered":"Stadt Halle (Saale) l\u00e4dt zur Kommunalen Gesundheitskonferenz und Verleihung des Gesundheitspreises 2026 ein"},"content":{"rendered":"<p>Stadt Halle (Saale) l\u00e4dt zur Kommunalen Gesundheitskonferenz und Verleihung des Gesundheitspreises 2026 ein<\/p>\n<p>(halle.de\/ps) Zur 4. Kommunalen Gesundheitskonferenz l\u00e4dt die Stadt Halle (Saale) am Montag, 21. September 2026, 12 bis 17 Uhr, in das Stadthaus ein. Unter dem Motto \u201eGesundheit f\u00f6rdern \u2013 Einsamkeit vorbeugen\u201c widmet sich die Veranstaltung einem Thema, das f\u00fcr Gesundheit, Lebensqualit\u00e4t und gesellschaftlichen Zusammenhalt von gro\u00dfer Bedeutung ist.<\/p>\n<p>Einsamkeit kann Menschen in allen Lebensphasen betreffen. Gleichzeitig gibt es in Halle (Saale) zahlreiche Initiativen, Projekte und Angebote, die Begegnung, Teilhabe und soziale Verbundenheit f\u00f6rdern. Die Kommunale Gesundheitskonferenz bietet eine Plattform, um diese Aktivit\u00e4ten sichtbar zu machen, Erfahrungen auszutauschen und gemeinsam neue Impulse f\u00fcr Gesundheitsf\u00f6rderung und Pr\u00e4vention zu entwickeln.<br \/>\nDr. Christine Gr\u00f6ger, Leiterin des Fachbereiches Gesundheit der Stadt Halle (Saale): \u201eEinsamkeit ist nicht nur ein individuelles, sondern auch ein gesellschaftliches Thema. Mit der Gesundheitskonferenz m\u00f6chten wir Menschen zusammenbringen, gute Beispiele sichtbar machen und gemeinsam gesundheitsf\u00f6rderliche Rahmenbedingungen f\u00fcr die Menschen in Halle (Saale) schaffen.\u201c<\/p>\n<p>Das Programm umfasst einen wissenschaftlichen Impulsvortrag, Praxisbeispiele aus Halle (Saale), ein World Caf\u00e9 zum fachlichen Austausch sowie einen Markt der M\u00f6glichkeiten mit Vereinen, Initiativen, Institutionen und Projekten aus der Stadt.<\/p>\n<p>Ein besonderer H\u00f6hepunkt der Veranstaltung ist die Verleihung des Gesundheitspreises der Stadt Halle (Saale). Unter dem Motto \u201eAktiv und gesund \u2013 gemeinsam gegen Einsamkeit\u201c werden Projekte und Initiativen ausgezeichnet, die sich in besonderer Weise f\u00fcr soziale Teilhabe, Gemeinschaft und Gesundheitsf\u00f6rderung engagieren. Der Gesundheitspreis wird mit Unterst\u00fctzung der Stadtwerke Halle GmbH und der Nutripur GmbH vergeben. Beide Unternehmen tragen dazu bei, erfolgreiche Ans\u00e4tze der Gesundheitsf\u00f6rderung und Pr\u00e4vention in Halle (Saale) sichtbar zu machen.<\/p>\n<p>Die Kommunale Gesundheitskonferenz ist eine Veranstaltung f\u00fcr alle interessierten B\u00fcrgerinnen und B\u00fcrger sowie f\u00fcr Fachkr\u00e4fte und Akteurinnen und Akteure aus Gesundheitsf\u00f6rderung, Pr\u00e4vention, Gesundheitswesen, Sozialbereich, Bildung und Verwaltung. Sie bietet Gelegenheit, sich \u00fcber aktuelle Entwicklungen zu informieren, miteinander ins Gespr\u00e4ch zu kommen und gemeinsam Impulse f\u00fcr ein gesundes Halle (Saale) zu setzen.<\/p>\n","protected":false},"excerpt":{"rendered":"<p>Stadt Halle (Saale) l\u00e4dt zur Kommunalen Gesundheitskonferenz und Verleihung des Gesundheitspreises 2026 ein (halle.de\/ps) Zur 4. Kommunalen Gesundheitskonferenz l\u00e4dt die Stadt Halle (Saale) am Montag, 21. September 2026, 12 bis 17 Uhr, in das Stadthaus ein. Unter dem Motto \u201eGesundheit f\u00f6rdern \u2013 Einsamkeit vorbeugen\u201c widmet sich die Veranstaltung einem Thema, das f\u00fcr Gesundheit, Lebensqualit\u00e4t und [&hellip;]<\/p>\n","protected":false},"author":1,"featured_media":133,"comment_status":"closed","ping_status":"open","sticky":false,"template":"","format":"standard","meta":{"footnotes":""},"categories":[23],"tags":[],"class_list":["post-2887","post","type-post","status-publish","format-standard","has-post-thumbnail","hentry","category-halle-saale"],"yoast_head":"<!-- This site is optimized with the Yoast SEO plugin v28.2 - https:\/\/yoast.com\/product\/yoast-seo-wordpress\/ -->\n<title>Stadt Halle (Saale) l\u00e4dt zur Kommunalen Gesundheitskonferenz und Verleihung des Gesundheitspreises 2026 ein -<\/title>\n<meta name=\"robots\" content=\"index, follow, max-snippet:-1, max-image-preview:large, max-video-preview:-1\" \/>\n<link rel=\"canonical\" href=\"https:\/\/neues-mitteldeutschland.de\/index.php\/2026\/09\/02\/stadt-halle-saale-laedt-zur-kommunalen-gesundheitskonferenz-und-verleihung-des-gesundheitspreises-2026-ein\/\" \/>\n<meta property=\"og:locale\" content=\"de_DE\" \/>\n<meta property=\"og:type\" content=\"article\" \/>\n<meta property=\"og:title\" content=\"Stadt Halle (Saale) l\u00e4dt zur Kommunalen Gesundheitskonferenz und Verleihung des Gesundheitspreises 2026 ein -\" \/>\n<meta property=\"og:description\" content=\"Stadt Halle (Saale) l\u00e4dt zur Kommunalen Gesundheitskonferenz und Verleihung des Gesundheitspreises 2026 ein (halle.de\/ps) Zur 4. Kommunalen Gesundheitskonferenz l\u00e4dt die Stadt Halle (Saale) am Montag, 21. September 2026, 12 bis 17 Uhr, in das Stadthaus ein. Unter dem Motto \u201eGesundheit f\u00f6rdern \u2013 Einsamkeit vorbeugen\u201c widmet sich die Veranstaltung einem Thema, das f\u00fcr Gesundheit, Lebensqualit\u00e4t und [&hellip;]\" \/>\n<meta property=\"og:url\" content=\"https:\/\/neues-mitteldeutschland.de\/index.php\/2026\/09\/02\/stadt-halle-saale-laedt-zur-kommunalen-gesundheitskonferenz-und-verleihung-des-gesundheitspreises-2026-ein\/\" \/>\n<meta property=\"article:publisher\" content=\"https:\/\/www.facebook.com\/NeuesMitteldeutschland\" \/>\n<meta property=\"article:published_time\" content=\"2026-09-02T12:12:25+00:00\" \/>\n<meta name=\"author\" content=\"NMD-Admin\" \/>\n<meta name=\"twitter:card\" content=\"summary_large_image\" \/>\n<meta name=\"twitter:label1\" content=\"Verfasst von\" \/>\n\t<meta name=\"twitter:data1\" content=\"NMD-Admin\" \/>\n\t<meta name=\"twitter:label2\" content=\"Gesch\u00e4tzte Lesezeit\" \/>\n\t<meta name=\"twitter:data2\" content=\"2\u00a0Minuten\" \/>\n<script type=\"application\/ld+json\" class=\"yoast-schema-graph\">{\"@context\":\"https:\\\/\\\/schema.org\",\"@graph\":[{\"@type\":\"Article\",\"@id\":\"https:\\\/\\\/neues-mitteldeutschland.de\\\/index.php\\\/2026\\\/09\\\/02\\\/stadt-halle-saale-laedt-zur-kommunalen-gesundheitskonferenz-und-verleihung-des-gesundheitspreises-2026-ein\\\/#article\",\"isPartOf\":{\"@id\":\"https:\\\/\\\/neues-mitteldeutschland.de\\\/index.php\\\/2026\\\/09\\\/02\\\/stadt-halle-saale-laedt-zur-kommunalen-gesundheitskonferenz-und-verleihung-des-gesundheitspreises-2026-ein\\\/\"},\"author\":{\"name\":\"NMD-Admin\",\"@id\":\"https:\\\/\\\/neues-mitteldeutschland.de\\\/#\\\/schema\\\/person\\\/a035875f548cacf83c2f6b0011631327\"},\"headline\":\"Stadt Halle (Saale) l\u00e4dt zur Kommunalen Gesundheitskonferenz und Verleihung des Gesundheitspreises 2026 ein\",\"datePublished\":\"2026-09-02T12:12:25+00:00\",\"mainEntityOfPage\":{\"@id\":\"https:\\\/\\\/neues-mitteldeutschland.de\\\/index.php\\\/2026\\\/09\\\/02\\\/stadt-halle-saale-laedt-zur-kommunalen-gesundheitskonferenz-und-verleihung-des-gesundheitspreises-2026-ein\\\/\"},\"wordCount\":346,\"publisher\":{\"@id\":\"https:\\\/\\\/neues-mitteldeutschland.de\\\/#organization\"},\"image\":{\"@id\":\"https:\\\/\\\/neues-mitteldeutschland.de\\\/index.php\\\/2026\\\/09\\\/02\\\/stadt-halle-saale-laedt-zur-kommunalen-gesundheitskonferenz-und-verleihung-des-gesundheitspreises-2026-ein\\\/#primaryimage\"},\"thumbnailUrl\":\"https:\\\/\\\/neues-mitteldeutschland.de\\\/wp-content\\\/uploads\\\/2025\\\/10\\\/Portaleintrag_Halle.jpg\",\"articleSection\":[\"Halle (Saale)\"],\"inLanguage\":\"de\"},{\"@type\":\"WebPage\",\"@id\":\"https:\\\/\\\/neues-mitteldeutschland.de\\\/index.php\\\/2026\\\/09\\\/02\\\/stadt-halle-saale-laedt-zur-kommunalen-gesundheitskonferenz-und-verleihung-des-gesundheitspreises-2026-ein\\\/\",\"url\":\"https:\\\/\\\/neues-mitteldeutschland.de\\\/index.php\\\/2026\\\/09\\\/02\\\/stadt-halle-saale-laedt-zur-kommunalen-gesundheitskonferenz-und-verleihung-des-gesundheitspreises-2026-ein\\\/\",\"name\":\"Stadt Halle (Saale) l\u00e4dt zur Kommunalen Gesundheitskonferenz und Verleihung des Gesundheitspreises 2026 ein -\",\"isPartOf\":{\"@id\":\"https:\\\/\\\/neues-mitteldeutschland.de\\\/#website\"},\"primaryImageOfPage\":{\"@id\":\"https:\\\/\\\/neues-mitteldeutschland.de\\\/index.php\\\/2026\\\/09\\\/02\\\/stadt-halle-saale-laedt-zur-kommunalen-gesundheitskonferenz-und-verleihung-des-gesundheitspreises-2026-ein\\\/#primaryimage\"},\"image\":{\"@id\":\"https:\\\/\\\/neues-mitteldeutschland.de\\\/index.php\\\/2026\\\/09\\\/02\\\/stadt-halle-saale-laedt-zur-kommunalen-gesundheitskonferenz-und-verleihung-des-gesundheitspreises-2026-ein\\\/#primaryimage\"},\"thumbnailUrl\":\"https:\\\/\\\/neues-mitteldeutschland.de\\\/wp-content\\\/uploads\\\/2025\\\/10\\\/Portaleintrag_Halle.jpg\",\"datePublished\":\"2026-09-02T12:12:25+00:00\",\"breadcrumb\":{\"@id\":\"https:\\\/\\\/neues-mitteldeutschland.de\\\/index.php\\\/2026\\\/09\\\/02\\\/stadt-halle-saale-laedt-zur-kommunalen-gesundheitskonferenz-und-verleihung-des-gesundheitspreises-2026-ein\\\/#breadcrumb\"},\"inLanguage\":\"de\",\"potentialAction\":[{\"@type\":\"ReadAction\",\"target\":[\"https:\\\/\\\/neues-mitteldeutschland.de\\\/index.php\\\/2026\\\/09\\\/02\\\/stadt-halle-saale-laedt-zur-kommunalen-gesundheitskonferenz-und-verleihung-des-gesundheitspreises-2026-ein\\\/\"]}]},{\"@type\":\"ImageObject\",\"inLanguage\":\"de\",\"@id\":\"https:\\\/\\\/neues-mitteldeutschland.de\\\/index.php\\\/2026\\\/09\\\/02\\\/stadt-halle-saale-laedt-zur-kommunalen-gesundheitskonferenz-und-verleihung-des-gesundheitspreises-2026-ein\\\/#primaryimage\",\"url\":\"https:\\\/\\\/neues-mitteldeutschland.de\\\/wp-content\\\/uploads\\\/2025\\\/10\\\/Portaleintrag_Halle.jpg\",\"contentUrl\":\"https:\\\/\\\/neues-mitteldeutschland.de\\\/wp-content\\\/uploads\\\/2025\\\/10\\\/Portaleintrag_Halle.jpg\",\"width\":1200,\"height\":626},{\"@type\":\"BreadcrumbList\",\"@id\":\"https:\\\/\\\/neues-mitteldeutschland.de\\\/index.php\\\/2026\\\/09\\\/02\\\/stadt-halle-saale-laedt-zur-kommunalen-gesundheitskonferenz-und-verleihung-des-gesundheitspreises-2026-ein\\\/#breadcrumb\",\"itemListElement\":[{\"@type\":\"ListItem\",\"position\":1,\"name\":\"Start\",\"item\":\"https:\\\/\\\/neues-mitteldeutschland.de\\\/\"},{\"@type\":\"ListItem\",\"position\":2,\"name\":\"Stadt Halle (Saale) l\u00e4dt zur Kommunalen Gesundheitskonferenz und Verleihung des Gesundheitspreises 2026 ein\"}]},{\"@type\":\"WebSite\",\"@id\":\"https:\\\/\\\/neues-mitteldeutschland.de\\\/#website\",\"url\":\"https:\\\/\\\/neues-mitteldeutschland.de\\\/\",\"name\":\"Neues-Mitteldeutschland\",\"description\":\"Ihre Werbeagentur, Nachrichten- &amp; Branchenportal\",\"publisher\":{\"@id\":\"https:\\\/\\\/neues-mitteldeutschland.de\\\/#organization\"},\"potentialAction\":[{\"@type\":\"SearchAction\",\"target\":{\"@type\":\"EntryPoint\",\"urlTemplate\":\"https:\\\/\\\/neues-mitteldeutschland.de\\\/?s={search_term_string}\"},\"query-input\":{\"@type\":\"PropertyValueSpecification\",\"valueRequired\":true,\"valueName\":\"search_term_string\"}}],\"inLanguage\":\"de\"},{\"@type\":\"Organization\",\"@id\":\"https:\\\/\\\/neues-mitteldeutschland.de\\\/#organization\",\"name\":\"Neues-Mitteldeutschland\",\"url\":\"https:\\\/\\\/neues-mitteldeutschland.de\\\/\",\"logo\":{\"@type\":\"ImageObject\",\"inLanguage\":\"de\",\"@id\":\"https:\\\/\\\/neues-mitteldeutschland.de\\\/#\\\/schema\\\/logo\\\/image\\\/\",\"url\":\"https:\\\/\\\/neues-mitteldeutschland.de\\\/wp-content\\\/uploads\\\/2026\\\/01\\\/cropped-Logo-Banner.jpg\",\"contentUrl\":\"https:\\\/\\\/neues-mitteldeutschland.de\\\/wp-content\\\/uploads\\\/2026\\\/01\\\/cropped-Logo-Banner.jpg\",\"width\":1152,\"height\":170,\"caption\":\"Neues-Mitteldeutschland\"},\"image\":{\"@id\":\"https:\\\/\\\/neues-mitteldeutschland.de\\\/#\\\/schema\\\/logo\\\/image\\\/\"},\"sameAs\":[\"https:\\\/\\\/www.facebook.com\\\/NeuesMitteldeutschland\",\"https:\\\/\\\/www.instagram.com\\\/neues_mitteldeutschland_gc\\\/\"]},{\"@type\":\"Person\",\"@id\":\"https:\\\/\\\/neues-mitteldeutschland.de\\\/#\\\/schema\\\/person\\\/a035875f548cacf83c2f6b0011631327\",\"name\":\"NMD-Admin\",\"image\":{\"@type\":\"ImageObject\",\"inLanguage\":\"de\",\"@id\":\"https:\\\/\\\/secure.gravatar.com\\\/avatar\\\/4c19fba03af26e7fee85b847ac08e68b88b74f1044c942c04173631c7e2607f5?s=96&d=mm&r=g\",\"url\":\"https:\\\/\\\/secure.gravatar.com\\\/avatar\\\/4c19fba03af26e7fee85b847ac08e68b88b74f1044c942c04173631c7e2607f5?s=96&d=mm&r=g\",\"contentUrl\":\"https:\\\/\\\/secure.gravatar.com\\\/avatar\\\/4c19fba03af26e7fee85b847ac08e68b88b74f1044c942c04173631c7e2607f5?s=96&d=mm&r=g\",\"caption\":\"NMD-Admin\"},\"sameAs\":[\"http:\\\/\\\/neuesmitteldeutschland.test\"],\"url\":\"https:\\\/\\\/neues-mitteldeutschland.de\\\/index.php\\\/author\\\/nmd-admin\\\/\"}]}<\/script>\n<!-- \/ Yoast SEO plugin. -->","yoast_head_json":{"title":"Stadt Halle (Saale) l\u00e4dt zur Kommunalen Gesundheitskonferenz und Verleihung des Gesundheitspreises 2026 ein -","robots":{"index":"index","follow":"follow","max-snippet":"max-snippet:-1","max-image-preview":"max-image-preview:large","max-video-preview":"max-video-preview:-1"},"canonical":"https:\/\/neues-mitteldeutschland.de\/index.php\/2026\/09\/02\/stadt-halle-saale-laedt-zur-kommunalen-gesundheitskonferenz-und-verleihung-des-gesundheitspreises-2026-ein\/","og_locale":"de_DE","og_type":"article","og_title":"Stadt Halle (Saale) l\u00e4dt zur Kommunalen Gesundheitskonferenz und Verleihung des Gesundheitspreises 2026 ein -","og_description":"Stadt Halle (Saale) l\u00e4dt zur Kommunalen Gesundheitskonferenz und Verleihung des Gesundheitspreises 2026 ein (halle.de\/ps) Zur 4. Kommunalen Gesundheitskonferenz l\u00e4dt die Stadt Halle (Saale) am Montag, 21. September 2026, 12 bis 17 Uhr, in das Stadthaus ein. Unter dem Motto \u201eGesundheit f\u00f6rdern \u2013 Einsamkeit vorbeugen\u201c widmet sich die Veranstaltung einem Thema, das f\u00fcr Gesundheit, Lebensqualit\u00e4t und [&hellip;]","og_url":"https:\/\/neues-mitteldeutschland.de\/index.php\/2026\/09\/02\/stadt-halle-saale-laedt-zur-kommunalen-gesundheitskonferenz-und-verleihung-des-gesundheitspreises-2026-ein\/","article_publisher":"https:\/\/www.facebook.com\/NeuesMitteldeutschland","article_published_time":"2026-09-02T12:12:25+00:00","author":"NMD-Admin","twitter_card":"summary_large_image","twitter_misc":{"Verfasst von":"NMD-Admin","Gesch\u00e4tzte Lesezeit":"2\u00a0Minuten"},"schema":{"@context":"https:\/\/schema.org","@graph":[{"@type":"Article","@id":"https:\/\/neues-mitteldeutschland.de\/index.php\/2026\/09\/02\/stadt-halle-saale-laedt-zur-kommunalen-gesundheitskonferenz-und-verleihung-des-gesundheitspreises-2026-ein\/#article","isPartOf":{"@id":"https:\/\/neues-mitteldeutschland.de\/index.php\/2026\/09\/02\/stadt-halle-saale-laedt-zur-kommunalen-gesundheitskonferenz-und-verleihung-des-gesundheitspreises-2026-ein\/"},"author":{"name":"NMD-Admin","@id":"https:\/\/neues-mitteldeutschland.de\/#\/schema\/person\/a035875f548cacf83c2f6b0011631327"},"headline":"Stadt Halle (Saale) l\u00e4dt zur Kommunalen Gesundheitskonferenz und Verleihung des Gesundheitspreises 2026 ein","datePublished":"2026-09-02T12:12:25+00:00","mainEntityOfPage":{"@id":"https:\/\/neues-mitteldeutschland.de\/index.php\/2026\/09\/02\/stadt-halle-saale-laedt-zur-kommunalen-gesundheitskonferenz-und-verleihung-des-gesundheitspreises-2026-ein\/"},"wordCount":346,"publisher":{"@id":"https:\/\/neues-mitteldeutschland.de\/#organization"},"image":{"@id":"https:\/\/neues-mitteldeutschland.de\/index.php\/2026\/09\/02\/stadt-halle-saale-laedt-zur-kommunalen-gesundheitskonferenz-und-verleihung-des-gesundheitspreises-2026-ein\/#primaryimage"},"thumbnailUrl":"https:\/\/neues-mitteldeutschland.de\/wp-content\/uploads\/2025\/10\/Portaleintrag_Halle.jpg","articleSection":["Halle (Saale)"],"inLanguage":"de"},{"@type":"WebPage","@id":"https:\/\/neues-mitteldeutschland.de\/index.php\/2026\/09\/02\/stadt-halle-saale-laedt-zur-kommunalen-gesundheitskonferenz-und-verleihung-des-gesundheitspreises-2026-ein\/","url":"https:\/\/neues-mitteldeutschland.de\/index.php\/2026\/09\/02\/stadt-halle-saale-laedt-zur-kommunalen-gesundheitskonferenz-und-verleihung-des-gesundheitspreises-2026-ein\/","name":"Stadt Halle (Saale) l\u00e4dt zur Kommunalen Gesundheitskonferenz und Verleihung des Gesundheitspreises 2026 ein -","isPartOf":{"@id":"https:\/\/neues-mitteldeutschland.de\/#website"},"primaryImageOfPage":{"@id":"https:\/\/neues-mitteldeutschland.de\/index.php\/2026\/09\/02\/stadt-halle-saale-laedt-zur-kommunalen-gesundheitskonferenz-und-verleihung-des-gesundheitspreises-2026-ein\/#primaryimage"},"image":{"@id":"https:\/\/neues-mitteldeutschland.de\/index.php\/2026\/09\/02\/stadt-halle-saale-laedt-zur-kommunalen-gesundheitskonferenz-und-verleihung-des-gesundheitspreises-2026-ein\/#primaryimage"},"thumbnailUrl":"https:\/\/neues-mitteldeutschland.de\/wp-content\/uploads\/2025\/10\/Portaleintrag_Halle.jpg","datePublished":"2026-09-02T12:12:25+00:00","breadcrumb":{"@id":"https:\/\/neues-mitteldeutschland.de\/index.php\/2026\/09\/02\/stadt-halle-saale-laedt-zur-kommunalen-gesundheitskonferenz-und-verleihung-des-gesundheitspreises-2026-ein\/#breadcrumb"},"inLanguage":"de","potentialAction":[{"@type":"ReadAction","target":["https:\/\/neues-mitteldeutschland.de\/index.php\/2026\/09\/02\/stadt-halle-saale-laedt-zur-kommunalen-gesundheitskonferenz-und-verleihung-des-gesundheitspreises-2026-ein\/"]}]},{"@type":"ImageObject","inLanguage":"de","@id":"https:\/\/neues-mitteldeutschland.de\/index.php\/2026\/09\/02\/stadt-halle-saale-laedt-zur-kommunalen-gesundheitskonferenz-und-verleihung-des-gesundheitspreises-2026-ein\/#primaryimage","url":"https:\/\/neues-mitteldeutschland.de\/wp-content\/uploads\/2025\/10\/Portaleintrag_Halle.jpg","contentUrl":"https:\/\/neues-mitteldeutschland.de\/wp-content\/uploads\/2025\/10\/Portaleintrag_Halle.jpg","width":1200,"height":626},{"@type":"BreadcrumbList","@id":"https:\/\/neues-mitteldeutschland.de\/index.php\/2026\/09\/02\/stadt-halle-saale-laedt-zur-kommunalen-gesundheitskonferenz-und-verleihung-des-gesundheitspreises-2026-ein\/#breadcrumb","itemListElement":[{"@type":"ListItem","position":1,"name":"Start","item":"https:\/\/neues-mitteldeutschland.de\/"},{"@type":"ListItem","position":2,"name":"Stadt Halle (Saale) l\u00e4dt zur Kommunalen Gesundheitskonferenz und Verleihung des Gesundheitspreises 2026 ein"}]},{"@type":"WebSite","@id":"https:\/\/neues-mitteldeutschland.de\/#website","url":"https:\/\/neues-mitteldeutschland.de\/","name":"Neues-Mitteldeutschland","description":"Ihre Werbeagentur, Nachrichten- &amp; Branchenportal","publisher":{"@id":"https:\/\/neues-mitteldeutschland.de\/#organization"},"potentialAction":[{"@type":"SearchAction","target":{"@type":"EntryPoint","urlTemplate":"https:\/\/neues-mitteldeutschland.de\/?s={search_term_string}"},"query-input":{"@type":"PropertyValueSpecification","valueRequired":true,"valueName":"search_term_string"}}],"inLanguage":"de"},{"@type":"Organization","@id":"https:\/\/neues-mitteldeutschland.de\/#organization","name":"Neues-Mitteldeutschland","url":"https:\/\/neues-mitteldeutschland.de\/","logo":{"@type":"ImageObject","inLanguage":"de","@id":"https:\/\/neues-mitteldeutschland.de\/#\/schema\/logo\/image\/","url":"https:\/\/neues-mitteldeutschland.de\/wp-content\/uploads\/2026\/01\/cropped-Logo-Banner.jpg","contentUrl":"https:\/\/neues-mitteldeutschland.de\/wp-content\/uploads\/2026\/01\/cropped-Logo-Banner.jpg","width":1152,"height":170,"caption":"Neues-Mitteldeutschland"},"image":{"@id":"https:\/\/neues-mitteldeutschland.de\/#\/schema\/logo\/image\/"},"sameAs":["https:\/\/www.facebook.com\/NeuesMitteldeutschland","https:\/\/www.instagram.com\/neues_mitteldeutschland_gc\/"]},{"@type":"Person","@id":"https:\/\/neues-mitteldeutschland.de\/#\/schema\/person\/a035875f548cacf83c2f6b0011631327","name":"NMD-Admin","image":{"@type":"ImageObject","inLanguage":"de","@id":"https:\/\/secure.gravatar.com\/avatar\/4c19fba03af26e7fee85b847ac08e68b88b74f1044c942c04173631c7e2607f5?s=96&d=mm&r=g","url":"https:\/\/secure.gravatar.com\/avatar\/4c19fba03af26e7fee85b847ac08e68b88b74f1044c942c04173631c7e2607f5?s=96&d=mm&r=g","contentUrl":"https:\/\/secure.gravatar.com\/avatar\/4c19fba03af26e7fee85b847ac08e68b88b74f1044c942c04173631c7e2607f5?s=96&d=mm&r=g","caption":"NMD-Admin"},"sameAs":["http:\/\/neuesmitteldeutschland.test"],"url":"https:\/\/neues-mitteldeutschland.de\/index.php\/author\/nmd-admin\/"}]}},"publishpress_future_action":{"enabled":true,"date":"2026-09-22 14:09:12","action":"change-status","newStatus":"draft","terms":[0],"taxonomy":"category","extraData":[]},"publishpress_future_workflow_manual_trigger":{"enabledWorkflows":[]},"_links":{"self":[{"href":"https:\/\/neues-mitteldeutschland.de\/index.php\/wp-json\/wp\/v2\/posts\/2887","targetHints":{"allow":["GET"]}}],"collection":[{"href":"https:\/\/neues-mitteldeutschland.de\/index.php\/wp-json\/wp\/v2\/posts"}],"about":[{"href":"https:\/\/neues-mitteldeutschland.de\/index.php\/wp-json\/wp\/v2\/types\/post"}],"author":[{"embeddable":true,"href":"https:\/\/neues-mitteldeutschland.de\/index.php\/wp-json\/wp\/v2\/users\/1"}],"replies":[{"embeddable":true,"href":"https:\/\/neues-mitteldeutschland.de\/index.php\/wp-json\/wp\/v2\/comments?post=2887"}],"version-history":[{"count":1,"href":"https:\/\/neues-mitteldeutschland.de\/index.php\/wp-json\/wp\/v2\/posts\/2887\/revisions"}],"predecessor-version":[{"id":2888,"href":"https:\/\/neues-mitteldeutschland.de\/index.php\/wp-json\/wp\/v2\/posts\/2887\/revisions\/2888"}],"wp:featuredmedia":[{"embeddable":true,"href":"https:\/\/neues-mitteldeutschland.de\/index.php\/wp-json\/wp\/v2\/media\/133"}],"wp:attachment":[{"href":"https:\/\/neues-mitteldeutschland.de\/index.php\/wp-json\/wp\/v2\/media?parent=2887"}],"wp:term":[{"taxonomy":"category","embeddable":true,"href":"https:\/\/neues-mitteldeutschland.de\/index.php\/wp-json\/wp\/v2\/categories?post=2887"},{"taxonomy":"post_tag","embeddable":true,"href":"https:\/\/neues-mitteldeutschland.de\/index.php\/wp-json\/wp\/v2\/tags?post=2887"}],"curies":[{"name":"wp","href":"https:\/\/api.w.org\/{rel}","templated":true}]}}