{"id":2889,"date":"2026-09-02T14:14:58","date_gmt":"2026-09-02T12:14:58","guid":{"rendered":"https:\/\/neues-mitteldeutschland.de\/?p=2889"},"modified":"2026-09-02T14:14:58","modified_gmt":"2026-09-02T12:14:58","slug":"alte-wolle-neue-buecher-handarbeitszirkel-in-der-stadtbibliothek","status":"publish","type":"post","link":"https:\/\/neues-mitteldeutschland.de\/index.php\/2026\/09\/02\/alte-wolle-neue-buecher-handarbeitszirkel-in-der-stadtbibliothek\/","title":{"rendered":"\u201eAlte Wolle \u2013 Neue B\u00fccher\u201c &#8211; Handarbeitszirkel in der Stadtbibliothek"},"content":{"rendered":"<p>\u201eAlte Wolle \u2013 Neue B\u00fccher\u201c &#8211; Handarbeitszirkel in der Stadtbibliothek<\/p>\n<p>08.09.2026 14:00\u201316:00<\/p>\n<p>Am Dienstag, dem 8. September 2026, findet von 14:00 Uhr bis 16:00 Uhr der n\u00e4chste Handarbeitszirkel in der Stadtbibliothek Meerane, August-Bebel-Stra\u00dfe 49, statt. Alle Handarbeitsbegeisterten sind herzlich eingeladen, im neuen Workshop in der Stadtbibliothek kreativ zu sein und sich auszutauschen.<br \/>\nDas Team der Stadtbibliothek w\u00fcrde sich freuen, wenn die entstandenen Projekte in der Bibliothek f\u00fcr eine Spende an die Besucherinnen und Besucher weitergegeben werden und damit neue Medien erworben werden k\u00f6nnen.<\/p>\n<p>Eintritt frei (Anmeldung gerne unter Tel.: 03764 185715 oder per E-Mail: bibliothek@meerane.eu)<\/p>\n","protected":false},"excerpt":{"rendered":"<p>\u201eAlte Wolle \u2013 Neue B\u00fccher\u201c &#8211; Handarbeitszirkel in der Stadtbibliothek 08.09.2026 14:00\u201316:00 Am Dienstag, dem 8. September 2026, findet von 14:00 Uhr bis 16:00 Uhr der n\u00e4chste Handarbeitszirkel in der Stadtbibliothek Meerane, August-Bebel-Stra\u00dfe 49, statt. Alle Handarbeitsbegeisterten sind herzlich eingeladen, im neuen Workshop in der Stadtbibliothek kreativ zu sein und sich auszutauschen. Das Team der [&hellip;]<\/p>\n","protected":false},"author":1,"featured_media":131,"comment_status":"closed","ping_status":"open","sticky":false,"template":"","format":"standard","meta":{"footnotes":""},"categories":[25],"tags":[],"class_list":["post-2889","post","type-post","status-publish","format-standard","has-post-thumbnail","hentry","category-meerane"],"yoast_head":"<!-- This site is optimized with the Yoast SEO plugin v28.2 - https:\/\/yoast.com\/product\/yoast-seo-wordpress\/ -->\n<title>\u201eAlte Wolle \u2013 Neue B\u00fccher\u201c - Handarbeitszirkel in der Stadtbibliothek -<\/title>\n<meta name=\"robots\" content=\"index, follow, max-snippet:-1, max-image-preview:large, max-video-preview:-1\" \/>\n<link rel=\"canonical\" href=\"https:\/\/neues-mitteldeutschland.de\/index.php\/2026\/09\/02\/alte-wolle-neue-buecher-handarbeitszirkel-in-der-stadtbibliothek\/\" \/>\n<meta property=\"og:locale\" content=\"de_DE\" \/>\n<meta property=\"og:type\" content=\"article\" \/>\n<meta property=\"og:title\" content=\"\u201eAlte Wolle \u2013 Neue B\u00fccher\u201c - Handarbeitszirkel in der Stadtbibliothek -\" \/>\n<meta property=\"og:description\" content=\"\u201eAlte Wolle \u2013 Neue B\u00fccher\u201c &#8211; Handarbeitszirkel in der Stadtbibliothek 08.09.2026 14:00\u201316:00 Am Dienstag, dem 8. September 2026, findet von 14:00 Uhr bis 16:00 Uhr der n\u00e4chste Handarbeitszirkel in der Stadtbibliothek Meerane, August-Bebel-Stra\u00dfe 49, statt. Alle Handarbeitsbegeisterten sind herzlich eingeladen, im neuen Workshop in der Stadtbibliothek kreativ zu sein und sich auszutauschen. Das Team der [&hellip;]\" \/>\n<meta property=\"og:url\" content=\"https:\/\/neues-mitteldeutschland.de\/index.php\/2026\/09\/02\/alte-wolle-neue-buecher-handarbeitszirkel-in-der-stadtbibliothek\/\" \/>\n<meta property=\"article:publisher\" content=\"https:\/\/www.facebook.com\/NeuesMitteldeutschland\" \/>\n<meta property=\"article:published_time\" content=\"2026-09-02T12:14:58+00:00\" \/>\n<meta name=\"author\" content=\"NMD-Admin\" \/>\n<meta name=\"twitter:card\" content=\"summary_large_image\" \/>\n<meta name=\"twitter:label1\" content=\"Verfasst von\" \/>\n\t<meta name=\"twitter:data1\" content=\"NMD-Admin\" \/>\n\t<meta name=\"twitter:label2\" content=\"Gesch\u00e4tzte Lesezeit\" \/>\n\t<meta name=\"twitter:data2\" content=\"1\u00a0Minute\" \/>\n<script type=\"application\/ld+json\" class=\"yoast-schema-graph\">{\"@context\":\"https:\\\/\\\/schema.org\",\"@graph\":[{\"@type\":\"Article\",\"@id\":\"https:\\\/\\\/neues-mitteldeutschland.de\\\/index.php\\\/2026\\\/09\\\/02\\\/alte-wolle-neue-buecher-handarbeitszirkel-in-der-stadtbibliothek\\\/#article\",\"isPartOf\":{\"@id\":\"https:\\\/\\\/neues-mitteldeutschland.de\\\/index.php\\\/2026\\\/09\\\/02\\\/alte-wolle-neue-buecher-handarbeitszirkel-in-der-stadtbibliothek\\\/\"},\"author\":{\"name\":\"NMD-Admin\",\"@id\":\"https:\\\/\\\/neues-mitteldeutschland.de\\\/#\\\/schema\\\/person\\\/a035875f548cacf83c2f6b0011631327\"},\"headline\":\"\u201eAlte Wolle \u2013 Neue B\u00fccher\u201c &#8211; Handarbeitszirkel in der Stadtbibliothek\",\"datePublished\":\"2026-09-02T12:14:58+00:00\",\"mainEntityOfPage\":{\"@id\":\"https:\\\/\\\/neues-mitteldeutschland.de\\\/index.php\\\/2026\\\/09\\\/02\\\/alte-wolle-neue-buecher-handarbeitszirkel-in-der-stadtbibliothek\\\/\"},\"wordCount\":103,\"publisher\":{\"@id\":\"https:\\\/\\\/neues-mitteldeutschland.de\\\/#organization\"},\"image\":{\"@id\":\"https:\\\/\\\/neues-mitteldeutschland.de\\\/index.php\\\/2026\\\/09\\\/02\\\/alte-wolle-neue-buecher-handarbeitszirkel-in-der-stadtbibliothek\\\/#primaryimage\"},\"thumbnailUrl\":\"https:\\\/\\\/neues-mitteldeutschland.de\\\/wp-content\\\/uploads\\\/2025\\\/10\\\/Portaleintrag_Meerane.jpg\",\"articleSection\":[\"Meerane\"],\"inLanguage\":\"de\"},{\"@type\":\"WebPage\",\"@id\":\"https:\\\/\\\/neues-mitteldeutschland.de\\\/index.php\\\/2026\\\/09\\\/02\\\/alte-wolle-neue-buecher-handarbeitszirkel-in-der-stadtbibliothek\\\/\",\"url\":\"https:\\\/\\\/neues-mitteldeutschland.de\\\/index.php\\\/2026\\\/09\\\/02\\\/alte-wolle-neue-buecher-handarbeitszirkel-in-der-stadtbibliothek\\\/\",\"name\":\"\u201eAlte Wolle \u2013 Neue B\u00fccher\u201c - Handarbeitszirkel in der Stadtbibliothek -\",\"isPartOf\":{\"@id\":\"https:\\\/\\\/neues-mitteldeutschland.de\\\/#website\"},\"primaryImageOfPage\":{\"@id\":\"https:\\\/\\\/neues-mitteldeutschland.de\\\/index.php\\\/2026\\\/09\\\/02\\\/alte-wolle-neue-buecher-handarbeitszirkel-in-der-stadtbibliothek\\\/#primaryimage\"},\"image\":{\"@id\":\"https:\\\/\\\/neues-mitteldeutschland.de\\\/index.php\\\/2026\\\/09\\\/02\\\/alte-wolle-neue-buecher-handarbeitszirkel-in-der-stadtbibliothek\\\/#primaryimage\"},\"thumbnailUrl\":\"https:\\\/\\\/neues-mitteldeutschland.de\\\/wp-content\\\/uploads\\\/2025\\\/10\\\/Portaleintrag_Meerane.jpg\",\"datePublished\":\"2026-09-02T12:14:58+00:00\",\"breadcrumb\":{\"@id\":\"https:\\\/\\\/neues-mitteldeutschland.de\\\/index.php\\\/2026\\\/09\\\/02\\\/alte-wolle-neue-buecher-handarbeitszirkel-in-der-stadtbibliothek\\\/#breadcrumb\"},\"inLanguage\":\"de\",\"potentialAction\":[{\"@type\":\"ReadAction\",\"target\":[\"https:\\\/\\\/neues-mitteldeutschland.de\\\/index.php\\\/2026\\\/09\\\/02\\\/alte-wolle-neue-buecher-handarbeitszirkel-in-der-stadtbibliothek\\\/\"]}]},{\"@type\":\"ImageObject\",\"inLanguage\":\"de\",\"@id\":\"https:\\\/\\\/neues-mitteldeutschland.de\\\/index.php\\\/2026\\\/09\\\/02\\\/alte-wolle-neue-buecher-handarbeitszirkel-in-der-stadtbibliothek\\\/#primaryimage\",\"url\":\"https:\\\/\\\/neues-mitteldeutschland.de\\\/wp-content\\\/uploads\\\/2025\\\/10\\\/Portaleintrag_Meerane.jpg\",\"contentUrl\":\"https:\\\/\\\/neues-mitteldeutschland.de\\\/wp-content\\\/uploads\\\/2025\\\/10\\\/Portaleintrag_Meerane.jpg\",\"width\":1200,\"height\":626},{\"@type\":\"BreadcrumbList\",\"@id\":\"https:\\\/\\\/neues-mitteldeutschland.de\\\/index.php\\\/2026\\\/09\\\/02\\\/alte-wolle-neue-buecher-handarbeitszirkel-in-der-stadtbibliothek\\\/#breadcrumb\",\"itemListElement\":[{\"@type\":\"ListItem\",\"position\":1,\"name\":\"Start\",\"item\":\"https:\\\/\\\/neues-mitteldeutschland.de\\\/\"},{\"@type\":\"ListItem\",\"position\":2,\"name\":\"\u201eAlte Wolle \u2013 Neue B\u00fccher\u201c &#8211; Handarbeitszirkel in der Stadtbibliothek\"}]},{\"@type\":\"WebSite\",\"@id\":\"https:\\\/\\\/neues-mitteldeutschland.de\\\/#website\",\"url\":\"https:\\\/\\\/neues-mitteldeutschland.de\\\/\",\"name\":\"Neues-Mitteldeutschland\",\"description\":\"Ihre Werbeagentur, Nachrichten- &amp; Branchenportal\",\"publisher\":{\"@id\":\"https:\\\/\\\/neues-mitteldeutschland.de\\\/#organization\"},\"potentialAction\":[{\"@type\":\"SearchAction\",\"target\":{\"@type\":\"EntryPoint\",\"urlTemplate\":\"https:\\\/\\\/neues-mitteldeutschland.de\\\/?s={search_term_string}\"},\"query-input\":{\"@type\":\"PropertyValueSpecification\",\"valueRequired\":true,\"valueName\":\"search_term_string\"}}],\"inLanguage\":\"de\"},{\"@type\":\"Organization\",\"@id\":\"https:\\\/\\\/neues-mitteldeutschland.de\\\/#organization\",\"name\":\"Neues-Mitteldeutschland\",\"url\":\"https:\\\/\\\/neues-mitteldeutschland.de\\\/\",\"logo\":{\"@type\":\"ImageObject\",\"inLanguage\":\"de\",\"@id\":\"https:\\\/\\\/neues-mitteldeutschland.de\\\/#\\\/schema\\\/logo\\\/image\\\/\",\"url\":\"https:\\\/\\\/neues-mitteldeutschland.de\\\/wp-content\\\/uploads\\\/2026\\\/01\\\/cropped-Logo-Banner.jpg\",\"contentUrl\":\"https:\\\/\\\/neues-mitteldeutschland.de\\\/wp-content\\\/uploads\\\/2026\\\/01\\\/cropped-Logo-Banner.jpg\",\"width\":1152,\"height\":170,\"caption\":\"Neues-Mitteldeutschland\"},\"image\":{\"@id\":\"https:\\\/\\\/neues-mitteldeutschland.de\\\/#\\\/schema\\\/logo\\\/image\\\/\"},\"sameAs\":[\"https:\\\/\\\/www.facebook.com\\\/NeuesMitteldeutschland\",\"https:\\\/\\\/www.instagram.com\\\/neues_mitteldeutschland_gc\\\/\"]},{\"@type\":\"Person\",\"@id\":\"https:\\\/\\\/neues-mitteldeutschland.de\\\/#\\\/schema\\\/person\\\/a035875f548cacf83c2f6b0011631327\",\"name\":\"NMD-Admin\",\"image\":{\"@type\":\"ImageObject\",\"inLanguage\":\"de\",\"@id\":\"https:\\\/\\\/secure.gravatar.com\\\/avatar\\\/4c19fba03af26e7fee85b847ac08e68b88b74f1044c942c04173631c7e2607f5?s=96&d=mm&r=g\",\"url\":\"https:\\\/\\\/secure.gravatar.com\\\/avatar\\\/4c19fba03af26e7fee85b847ac08e68b88b74f1044c942c04173631c7e2607f5?s=96&d=mm&r=g\",\"contentUrl\":\"https:\\\/\\\/secure.gravatar.com\\\/avatar\\\/4c19fba03af26e7fee85b847ac08e68b88b74f1044c942c04173631c7e2607f5?s=96&d=mm&r=g\",\"caption\":\"NMD-Admin\"},\"sameAs\":[\"http:\\\/\\\/neuesmitteldeutschland.test\"],\"url\":\"https:\\\/\\\/neues-mitteldeutschland.de\\\/index.php\\\/author\\\/nmd-admin\\\/\"}]}<\/script>\n<!-- \/ Yoast SEO plugin. -->","yoast_head_json":{"title":"\u201eAlte Wolle \u2013 Neue B\u00fccher\u201c - Handarbeitszirkel in der Stadtbibliothek -","robots":{"index":"index","follow":"follow","max-snippet":"max-snippet:-1","max-image-preview":"max-image-preview:large","max-video-preview":"max-video-preview:-1"},"canonical":"https:\/\/neues-mitteldeutschland.de\/index.php\/2026\/09\/02\/alte-wolle-neue-buecher-handarbeitszirkel-in-der-stadtbibliothek\/","og_locale":"de_DE","og_type":"article","og_title":"\u201eAlte Wolle \u2013 Neue B\u00fccher\u201c - Handarbeitszirkel in der Stadtbibliothek -","og_description":"\u201eAlte Wolle \u2013 Neue B\u00fccher\u201c &#8211; Handarbeitszirkel in der Stadtbibliothek 08.09.2026 14:00\u201316:00 Am Dienstag, dem 8. September 2026, findet von 14:00 Uhr bis 16:00 Uhr der n\u00e4chste Handarbeitszirkel in der Stadtbibliothek Meerane, August-Bebel-Stra\u00dfe 49, statt. Alle Handarbeitsbegeisterten sind herzlich eingeladen, im neuen Workshop in der Stadtbibliothek kreativ zu sein und sich auszutauschen. Das Team der [&hellip;]","og_url":"https:\/\/neues-mitteldeutschland.de\/index.php\/2026\/09\/02\/alte-wolle-neue-buecher-handarbeitszirkel-in-der-stadtbibliothek\/","article_publisher":"https:\/\/www.facebook.com\/NeuesMitteldeutschland","article_published_time":"2026-09-02T12:14:58+00:00","author":"NMD-Admin","twitter_card":"summary_large_image","twitter_misc":{"Verfasst von":"NMD-Admin","Gesch\u00e4tzte Lesezeit":"1\u00a0Minute"},"schema":{"@context":"https:\/\/schema.org","@graph":[{"@type":"Article","@id":"https:\/\/neues-mitteldeutschland.de\/index.php\/2026\/09\/02\/alte-wolle-neue-buecher-handarbeitszirkel-in-der-stadtbibliothek\/#article","isPartOf":{"@id":"https:\/\/neues-mitteldeutschland.de\/index.php\/2026\/09\/02\/alte-wolle-neue-buecher-handarbeitszirkel-in-der-stadtbibliothek\/"},"author":{"name":"NMD-Admin","@id":"https:\/\/neues-mitteldeutschland.de\/#\/schema\/person\/a035875f548cacf83c2f6b0011631327"},"headline":"\u201eAlte Wolle \u2013 Neue B\u00fccher\u201c &#8211; Handarbeitszirkel in der Stadtbibliothek","datePublished":"2026-09-02T12:14:58+00:00","mainEntityOfPage":{"@id":"https:\/\/neues-mitteldeutschland.de\/index.php\/2026\/09\/02\/alte-wolle-neue-buecher-handarbeitszirkel-in-der-stadtbibliothek\/"},"wordCount":103,"publisher":{"@id":"https:\/\/neues-mitteldeutschland.de\/#organization"},"image":{"@id":"https:\/\/neues-mitteldeutschland.de\/index.php\/2026\/09\/02\/alte-wolle-neue-buecher-handarbeitszirkel-in-der-stadtbibliothek\/#primaryimage"},"thumbnailUrl":"https:\/\/neues-mitteldeutschland.de\/wp-content\/uploads\/2025\/10\/Portaleintrag_Meerane.jpg","articleSection":["Meerane"],"inLanguage":"de"},{"@type":"WebPage","@id":"https:\/\/neues-mitteldeutschland.de\/index.php\/2026\/09\/02\/alte-wolle-neue-buecher-handarbeitszirkel-in-der-stadtbibliothek\/","url":"https:\/\/neues-mitteldeutschland.de\/index.php\/2026\/09\/02\/alte-wolle-neue-buecher-handarbeitszirkel-in-der-stadtbibliothek\/","name":"\u201eAlte Wolle \u2013 Neue B\u00fccher\u201c - Handarbeitszirkel in der Stadtbibliothek -","isPartOf":{"@id":"https:\/\/neues-mitteldeutschland.de\/#website"},"primaryImageOfPage":{"@id":"https:\/\/neues-mitteldeutschland.de\/index.php\/2026\/09\/02\/alte-wolle-neue-buecher-handarbeitszirkel-in-der-stadtbibliothek\/#primaryimage"},"image":{"@id":"https:\/\/neues-mitteldeutschland.de\/index.php\/2026\/09\/02\/alte-wolle-neue-buecher-handarbeitszirkel-in-der-stadtbibliothek\/#primaryimage"},"thumbnailUrl":"https:\/\/neues-mitteldeutschland.de\/wp-content\/uploads\/2025\/10\/Portaleintrag_Meerane.jpg","datePublished":"2026-09-02T12:14:58+00:00","breadcrumb":{"@id":"https:\/\/neues-mitteldeutschland.de\/index.php\/2026\/09\/02\/alte-wolle-neue-buecher-handarbeitszirkel-in-der-stadtbibliothek\/#breadcrumb"},"inLanguage":"de","potentialAction":[{"@type":"ReadAction","target":["https:\/\/neues-mitteldeutschland.de\/index.php\/2026\/09\/02\/alte-wolle-neue-buecher-handarbeitszirkel-in-der-stadtbibliothek\/"]}]},{"@type":"ImageObject","inLanguage":"de","@id":"https:\/\/neues-mitteldeutschland.de\/index.php\/2026\/09\/02\/alte-wolle-neue-buecher-handarbeitszirkel-in-der-stadtbibliothek\/#primaryimage","url":"https:\/\/neues-mitteldeutschland.de\/wp-content\/uploads\/2025\/10\/Portaleintrag_Meerane.jpg","contentUrl":"https:\/\/neues-mitteldeutschland.de\/wp-content\/uploads\/2025\/10\/Portaleintrag_Meerane.jpg","width":1200,"height":626},{"@type":"BreadcrumbList","@id":"https:\/\/neues-mitteldeutschland.de\/index.php\/2026\/09\/02\/alte-wolle-neue-buecher-handarbeitszirkel-in-der-stadtbibliothek\/#breadcrumb","itemListElement":[{"@type":"ListItem","position":1,"name":"Start","item":"https:\/\/neues-mitteldeutschland.de\/"},{"@type":"ListItem","position":2,"name":"\u201eAlte Wolle \u2013 Neue B\u00fccher\u201c &#8211; Handarbeitszirkel in der Stadtbibliothek"}]},{"@type":"WebSite","@id":"https:\/\/neues-mitteldeutschland.de\/#website","url":"https:\/\/neues-mitteldeutschland.de\/","name":"Neues-Mitteldeutschland","description":"Ihre Werbeagentur, Nachrichten- &amp; Branchenportal","publisher":{"@id":"https:\/\/neues-mitteldeutschland.de\/#organization"},"potentialAction":[{"@type":"SearchAction","target":{"@type":"EntryPoint","urlTemplate":"https:\/\/neues-mitteldeutschland.de\/?s={search_term_string}"},"query-input":{"@type":"PropertyValueSpecification","valueRequired":true,"valueName":"search_term_string"}}],"inLanguage":"de"},{"@type":"Organization","@id":"https:\/\/neues-mitteldeutschland.de\/#organization","name":"Neues-Mitteldeutschland","url":"https:\/\/neues-mitteldeutschland.de\/","logo":{"@type":"ImageObject","inLanguage":"de","@id":"https:\/\/neues-mitteldeutschland.de\/#\/schema\/logo\/image\/","url":"https:\/\/neues-mitteldeutschland.de\/wp-content\/uploads\/2026\/01\/cropped-Logo-Banner.jpg","contentUrl":"https:\/\/neues-mitteldeutschland.de\/wp-content\/uploads\/2026\/01\/cropped-Logo-Banner.jpg","width":1152,"height":170,"caption":"Neues-Mitteldeutschland"},"image":{"@id":"https:\/\/neues-mitteldeutschland.de\/#\/schema\/logo\/image\/"},"sameAs":["https:\/\/www.facebook.com\/NeuesMitteldeutschland","https:\/\/www.instagram.com\/neues_mitteldeutschland_gc\/"]},{"@type":"Person","@id":"https:\/\/neues-mitteldeutschland.de\/#\/schema\/person\/a035875f548cacf83c2f6b0011631327","name":"NMD-Admin","image":{"@type":"ImageObject","inLanguage":"de","@id":"https:\/\/secure.gravatar.com\/avatar\/4c19fba03af26e7fee85b847ac08e68b88b74f1044c942c04173631c7e2607f5?s=96&d=mm&r=g","url":"https:\/\/secure.gravatar.com\/avatar\/4c19fba03af26e7fee85b847ac08e68b88b74f1044c942c04173631c7e2607f5?s=96&d=mm&r=g","contentUrl":"https:\/\/secure.gravatar.com\/avatar\/4c19fba03af26e7fee85b847ac08e68b88b74f1044c942c04173631c7e2607f5?s=96&d=mm&r=g","caption":"NMD-Admin"},"sameAs":["http:\/\/neuesmitteldeutschland.test"],"url":"https:\/\/neues-mitteldeutschland.de\/index.php\/author\/nmd-admin\/"}]}},"publishpress_future_action":{"enabled":true,"date":"2026-09-09 14:12:27","action":"change-status","newStatus":"draft","terms":[0],"taxonomy":"category","extraData":[]},"publishpress_future_workflow_manual_trigger":{"enabledWorkflows":[]},"_links":{"self":[{"href":"https:\/\/neues-mitteldeutschland.de\/index.php\/wp-json\/wp\/v2\/posts\/2889","targetHints":{"allow":["GET"]}}],"collection":[{"href":"https:\/\/neues-mitteldeutschland.de\/index.php\/wp-json\/wp\/v2\/posts"}],"about":[{"href":"https:\/\/neues-mitteldeutschland.de\/index.php\/wp-json\/wp\/v2\/types\/post"}],"author":[{"embeddable":true,"href":"https:\/\/neues-mitteldeutschland.de\/index.php\/wp-json\/wp\/v2\/users\/1"}],"replies":[{"embeddable":true,"href":"https:\/\/neues-mitteldeutschland.de\/index.php\/wp-json\/wp\/v2\/comments?post=2889"}],"version-history":[{"count":1,"href":"https:\/\/neues-mitteldeutschland.de\/index.php\/wp-json\/wp\/v2\/posts\/2889\/revisions"}],"predecessor-version":[{"id":2890,"href":"https:\/\/neues-mitteldeutschland.de\/index.php\/wp-json\/wp\/v2\/posts\/2889\/revisions\/2890"}],"wp:featuredmedia":[{"embeddable":true,"href":"https:\/\/neues-mitteldeutschland.de\/index.php\/wp-json\/wp\/v2\/media\/131"}],"wp:attachment":[{"href":"https:\/\/neues-mitteldeutschland.de\/index.php\/wp-json\/wp\/v2\/media?parent=2889"}],"wp:term":[{"taxonomy":"category","embeddable":true,"href":"https:\/\/neues-mitteldeutschland.de\/index.php\/wp-json\/wp\/v2\/categories?post=2889"},{"taxonomy":"post_tag","embeddable":true,"href":"https:\/\/neues-mitteldeutschland.de\/index.php\/wp-json\/wp\/v2\/tags?post=2889"}],"curies":[{"name":"wp","href":"https:\/\/api.w.org\/{rel}","templated":true}]}}