{"id":2895,"date":"2026-09-02T14:22:01","date_gmt":"2026-09-02T12:22:01","guid":{"rendered":"https:\/\/neues-mitteldeutschland.de\/?p=2895"},"modified":"2026-09-02T14:22:01","modified_gmt":"2026-09-02T12:22:01","slug":"tag-des-offenen-denkmals-2026-geschichte-kunst-und-begegnungen-in-meerane","status":"publish","type":"post","link":"https:\/\/neues-mitteldeutschland.de\/index.php\/2026\/09\/02\/tag-des-offenen-denkmals-2026-geschichte-kunst-und-begegnungen-in-meerane\/","title":{"rendered":"Tag des offenen Denkmals 2026 \u2013 Geschichte, Kunst und Begegnungen in Meerane"},"content":{"rendered":"<p>Tag des offenen Denkmals 2026 \u2013 Geschichte, Kunst und Begegnungen in Meerane<\/p>\n<p>13.09.2026 13:00\u201318:00<\/p>\n<p>Unter dem bundesweiten Motto \u201eNetzWERKE: Denkmale &amp; Infrastruktur\u201c l\u00e4dt die Stadt Meerane am 13. September 2026 zum Tag des offenen Denkmals ein. Das diesj\u00e4hrige Motto der Deutschen Stiftung Denkmalschutz r\u00fcckt historische Bauwerke als Orte der Verbindung, des Austauschs und der Begegnung in den Mittelpunkt. Passend dazu erwartet die Besucher ein abwechslungsreiches Programm, das Geschichte, Kunst und Kultur an mehreren Orten der Stadt miteinander verbindet.<\/p>\n<p>Bereits am Samstag, 12. September, beginnt das Denkmalwochenende mit einer besonderen Einstimmung. Um 19:00 Uhr startet die Nachtw\u00e4chterwanderung \u201eGeschichte erleben\u201c, die von der Meeraner Altstadt bis zum Friedhof f\u00fchrt. In stimmungsvoller Atmosph\u00e4re erfahren die Teilnehmer Wissenswertes und manch spannende Geschichte aus der Vergangenheit Meeranes.<\/p>\n<p>Am Sonntag, 13. September, \u00f6ffnen zahlreiche Einrichtungen ihre T\u00fcren:<\/p>\n<p>Das St\u00e4dtische Museum im Alten Rathaus ist von 14:00 bis 17:00 Uhr ge\u00f6ffnet. Zu besichtigen sind die Dauerausstellung zur Geschichte der Stadt Meerane, die Ausstellung \u00fcber den Komponisten Werner Bochmann sowie die Sonderausstellung \u201eZeitlos sch\u00f6n \u2013 Im Duett\u201c mit Werken von Margitta Hempel und Ute Hebenstreit.<br \/>\nZudem laden die \u201eH\u00f6hler\u201c um 15:00 Uhr zu einer F\u00fchrung durch die Unterwelt Meeranes ein.<br \/>\nIn der Stadtkirche St. Martin bittet Elisabeth Scholz von 13:00 bis 14:30 Uhr zu einer F\u00fchrung und vermittelt interessante Einblicke in die Geschichte und Architektur des Gotteshauses.<br \/>\nAuf dem Meeraner Friedhof informiert der F\u00f6rderkreis Friedhof \u00fcber seine Arbeit. Von 13:00 bis 16:00 Uhr erl\u00e4utert Johannes Ulbricht die Sanierung der Alten Kapelle. Von 15:00 bis 16:00 Uhr stellt Elisabeth Scholz die Neue Friedhofshalle vor. Ganzt\u00e4gig ist au\u00dferdem die Ausstellung \u201e15 Jahre F\u00f6rderkreis\u201c im Rundgang zu sehen.<br \/>\nDie Galerie ART IN im Kunsthaus pr\u00e4sentiert von 13:00 bis 18:00 Uhr die Ausstellung \u201eANDREAS WER?NER!\u201c mit Arbeiten des Reinsdorfer K\u00fcnstlers Andreas Werner und l\u00e4dt zudem zu Kaffee und Kuchen ein.<br \/>\nIm Wunderlich-Pavillon im Skulpturengarten werden von 14:00 bis 17:00 Uhr unter dem Titel \u201eMeeraner Ansichten\u201c Werke von Peter Paulitschke gezeigt. Bei einem Glas Sekt und kleinen Snacks k\u00f6nnen die Besucher den Nachmittag in entspannter Atmosph\u00e4re genie\u00dfen.<\/p>\n<p>Kostenloser Shuttle-Service von Taxi-Lorenz<br \/>\nDamit alle Veranstaltungsorte bequem erreicht werden k\u00f6nnen, verkehrt am Nachmittag ein kostenloser Shuttle-Service von Taxi-Lorenz. Die Route verbindet den Skulpturengarten, die H\u00f6hler, die Stadtkirche St. Martin, das Alte Rathaus, die Galerie ART IN und den Friedhof. Kerstin Zienert als \u201eMarktfrau Martha\u201c wird die G\u00e4ste im Bus begleiten und Interessantes zur Stadtgeschichte vermitteln.<\/p>\n<p>Alle Meeraner B\u00fcrgerinnen und B\u00fcrger sowie alle G\u00e4ste sind herzlich eingeladen, den Tag des offenen Denkmals zu nutzen, historische Orte neu zu entdecken, mit den Akteuren ins Gespr\u00e4ch zu kommen und die kulturelle Vielfalt der Stadt zu erleben.<\/p>\n","protected":false},"excerpt":{"rendered":"<p>Tag des offenen Denkmals 2026 \u2013 Geschichte, Kunst und Begegnungen in Meerane 13.09.2026 13:00\u201318:00 Unter dem bundesweiten Motto \u201eNetzWERKE: Denkmale &amp; Infrastruktur\u201c l\u00e4dt die Stadt Meerane am 13. September 2026 zum Tag des offenen Denkmals ein. Das diesj\u00e4hrige Motto der Deutschen Stiftung Denkmalschutz r\u00fcckt historische Bauwerke als Orte der Verbindung, des Austauschs und der Begegnung [&hellip;]<\/p>\n","protected":false},"author":1,"featured_media":131,"comment_status":"closed","ping_status":"open","sticky":false,"template":"","format":"standard","meta":{"footnotes":""},"categories":[25],"tags":[],"class_list":["post-2895","post","type-post","status-publish","format-standard","has-post-thumbnail","hentry","category-meerane"],"yoast_head":"<!-- This site is optimized with the Yoast SEO plugin v28.2 - https:\/\/yoast.com\/product\/yoast-seo-wordpress\/ -->\n<title>Tag des offenen Denkmals 2026 \u2013 Geschichte, Kunst und Begegnungen in Meerane -<\/title>\n<meta name=\"robots\" content=\"index, follow, max-snippet:-1, max-image-preview:large, max-video-preview:-1\" \/>\n<link rel=\"canonical\" href=\"https:\/\/neues-mitteldeutschland.de\/index.php\/2026\/09\/02\/tag-des-offenen-denkmals-2026-geschichte-kunst-und-begegnungen-in-meerane\/\" \/>\n<meta property=\"og:locale\" content=\"de_DE\" \/>\n<meta property=\"og:type\" content=\"article\" \/>\n<meta property=\"og:title\" content=\"Tag des offenen Denkmals 2026 \u2013 Geschichte, Kunst und Begegnungen in Meerane -\" \/>\n<meta property=\"og:description\" content=\"Tag des offenen Denkmals 2026 \u2013 Geschichte, Kunst und Begegnungen in Meerane 13.09.2026 13:00\u201318:00 Unter dem bundesweiten Motto \u201eNetzWERKE: Denkmale &amp; Infrastruktur\u201c l\u00e4dt die Stadt Meerane am 13. September 2026 zum Tag des offenen Denkmals ein. Das diesj\u00e4hrige Motto der Deutschen Stiftung Denkmalschutz r\u00fcckt historische Bauwerke als Orte der Verbindung, des Austauschs und der Begegnung [&hellip;]\" \/>\n<meta property=\"og:url\" content=\"https:\/\/neues-mitteldeutschland.de\/index.php\/2026\/09\/02\/tag-des-offenen-denkmals-2026-geschichte-kunst-und-begegnungen-in-meerane\/\" \/>\n<meta property=\"article:publisher\" content=\"https:\/\/www.facebook.com\/NeuesMitteldeutschland\" \/>\n<meta property=\"article:published_time\" content=\"2026-09-02T12:22:01+00:00\" \/>\n<meta name=\"author\" content=\"NMD-Admin\" \/>\n<meta name=\"twitter:card\" content=\"summary_large_image\" \/>\n<meta name=\"twitter:label1\" content=\"Verfasst von\" \/>\n\t<meta name=\"twitter:data1\" content=\"NMD-Admin\" \/>\n\t<meta name=\"twitter:label2\" content=\"Gesch\u00e4tzte Lesezeit\" \/>\n\t<meta name=\"twitter:data2\" content=\"3\u00a0Minuten\" \/>\n<script type=\"application\/ld+json\" class=\"yoast-schema-graph\">{\"@context\":\"https:\\\/\\\/schema.org\",\"@graph\":[{\"@type\":\"Article\",\"@id\":\"https:\\\/\\\/neues-mitteldeutschland.de\\\/index.php\\\/2026\\\/09\\\/02\\\/tag-des-offenen-denkmals-2026-geschichte-kunst-und-begegnungen-in-meerane\\\/#article\",\"isPartOf\":{\"@id\":\"https:\\\/\\\/neues-mitteldeutschland.de\\\/index.php\\\/2026\\\/09\\\/02\\\/tag-des-offenen-denkmals-2026-geschichte-kunst-und-begegnungen-in-meerane\\\/\"},\"author\":{\"name\":\"NMD-Admin\",\"@id\":\"https:\\\/\\\/neues-mitteldeutschland.de\\\/#\\\/schema\\\/person\\\/a035875f548cacf83c2f6b0011631327\"},\"headline\":\"Tag des offenen Denkmals 2026 \u2013 Geschichte, Kunst und Begegnungen in Meerane\",\"datePublished\":\"2026-09-02T12:22:01+00:00\",\"mainEntityOfPage\":{\"@id\":\"https:\\\/\\\/neues-mitteldeutschland.de\\\/index.php\\\/2026\\\/09\\\/02\\\/tag-des-offenen-denkmals-2026-geschichte-kunst-und-begegnungen-in-meerane\\\/\"},\"wordCount\":446,\"publisher\":{\"@id\":\"https:\\\/\\\/neues-mitteldeutschland.de\\\/#organization\"},\"image\":{\"@id\":\"https:\\\/\\\/neues-mitteldeutschland.de\\\/index.php\\\/2026\\\/09\\\/02\\\/tag-des-offenen-denkmals-2026-geschichte-kunst-und-begegnungen-in-meerane\\\/#primaryimage\"},\"thumbnailUrl\":\"https:\\\/\\\/neues-mitteldeutschland.de\\\/wp-content\\\/uploads\\\/2025\\\/10\\\/Portaleintrag_Meerane.jpg\",\"articleSection\":[\"Meerane\"],\"inLanguage\":\"de\"},{\"@type\":\"WebPage\",\"@id\":\"https:\\\/\\\/neues-mitteldeutschland.de\\\/index.php\\\/2026\\\/09\\\/02\\\/tag-des-offenen-denkmals-2026-geschichte-kunst-und-begegnungen-in-meerane\\\/\",\"url\":\"https:\\\/\\\/neues-mitteldeutschland.de\\\/index.php\\\/2026\\\/09\\\/02\\\/tag-des-offenen-denkmals-2026-geschichte-kunst-und-begegnungen-in-meerane\\\/\",\"name\":\"Tag des offenen Denkmals 2026 \u2013 Geschichte, Kunst und Begegnungen in Meerane -\",\"isPartOf\":{\"@id\":\"https:\\\/\\\/neues-mitteldeutschland.de\\\/#website\"},\"primaryImageOfPage\":{\"@id\":\"https:\\\/\\\/neues-mitteldeutschland.de\\\/index.php\\\/2026\\\/09\\\/02\\\/tag-des-offenen-denkmals-2026-geschichte-kunst-und-begegnungen-in-meerane\\\/#primaryimage\"},\"image\":{\"@id\":\"https:\\\/\\\/neues-mitteldeutschland.de\\\/index.php\\\/2026\\\/09\\\/02\\\/tag-des-offenen-denkmals-2026-geschichte-kunst-und-begegnungen-in-meerane\\\/#primaryimage\"},\"thumbnailUrl\":\"https:\\\/\\\/neues-mitteldeutschland.de\\\/wp-content\\\/uploads\\\/2025\\\/10\\\/Portaleintrag_Meerane.jpg\",\"datePublished\":\"2026-09-02T12:22:01+00:00\",\"breadcrumb\":{\"@id\":\"https:\\\/\\\/neues-mitteldeutschland.de\\\/index.php\\\/2026\\\/09\\\/02\\\/tag-des-offenen-denkmals-2026-geschichte-kunst-und-begegnungen-in-meerane\\\/#breadcrumb\"},\"inLanguage\":\"de\",\"potentialAction\":[{\"@type\":\"ReadAction\",\"target\":[\"https:\\\/\\\/neues-mitteldeutschland.de\\\/index.php\\\/2026\\\/09\\\/02\\\/tag-des-offenen-denkmals-2026-geschichte-kunst-und-begegnungen-in-meerane\\\/\"]}]},{\"@type\":\"ImageObject\",\"inLanguage\":\"de\",\"@id\":\"https:\\\/\\\/neues-mitteldeutschland.de\\\/index.php\\\/2026\\\/09\\\/02\\\/tag-des-offenen-denkmals-2026-geschichte-kunst-und-begegnungen-in-meerane\\\/#primaryimage\",\"url\":\"https:\\\/\\\/neues-mitteldeutschland.de\\\/wp-content\\\/uploads\\\/2025\\\/10\\\/Portaleintrag_Meerane.jpg\",\"contentUrl\":\"https:\\\/\\\/neues-mitteldeutschland.de\\\/wp-content\\\/uploads\\\/2025\\\/10\\\/Portaleintrag_Meerane.jpg\",\"width\":1200,\"height\":626},{\"@type\":\"BreadcrumbList\",\"@id\":\"https:\\\/\\\/neues-mitteldeutschland.de\\\/index.php\\\/2026\\\/09\\\/02\\\/tag-des-offenen-denkmals-2026-geschichte-kunst-und-begegnungen-in-meerane\\\/#breadcrumb\",\"itemListElement\":[{\"@type\":\"ListItem\",\"position\":1,\"name\":\"Start\",\"item\":\"https:\\\/\\\/neues-mitteldeutschland.de\\\/\"},{\"@type\":\"ListItem\",\"position\":2,\"name\":\"Tag des offenen Denkmals 2026 \u2013 Geschichte, Kunst und Begegnungen in Meerane\"}]},{\"@type\":\"WebSite\",\"@id\":\"https:\\\/\\\/neues-mitteldeutschland.de\\\/#website\",\"url\":\"https:\\\/\\\/neues-mitteldeutschland.de\\\/\",\"name\":\"Neues-Mitteldeutschland\",\"description\":\"Ihre Werbeagentur, Nachrichten- &amp; Branchenportal\",\"publisher\":{\"@id\":\"https:\\\/\\\/neues-mitteldeutschland.de\\\/#organization\"},\"potentialAction\":[{\"@type\":\"SearchAction\",\"target\":{\"@type\":\"EntryPoint\",\"urlTemplate\":\"https:\\\/\\\/neues-mitteldeutschland.de\\\/?s={search_term_string}\"},\"query-input\":{\"@type\":\"PropertyValueSpecification\",\"valueRequired\":true,\"valueName\":\"search_term_string\"}}],\"inLanguage\":\"de\"},{\"@type\":\"Organization\",\"@id\":\"https:\\\/\\\/neues-mitteldeutschland.de\\\/#organization\",\"name\":\"Neues-Mitteldeutschland\",\"url\":\"https:\\\/\\\/neues-mitteldeutschland.de\\\/\",\"logo\":{\"@type\":\"ImageObject\",\"inLanguage\":\"de\",\"@id\":\"https:\\\/\\\/neues-mitteldeutschland.de\\\/#\\\/schema\\\/logo\\\/image\\\/\",\"url\":\"https:\\\/\\\/neues-mitteldeutschland.de\\\/wp-content\\\/uploads\\\/2026\\\/01\\\/cropped-Logo-Banner.jpg\",\"contentUrl\":\"https:\\\/\\\/neues-mitteldeutschland.de\\\/wp-content\\\/uploads\\\/2026\\\/01\\\/cropped-Logo-Banner.jpg\",\"width\":1152,\"height\":170,\"caption\":\"Neues-Mitteldeutschland\"},\"image\":{\"@id\":\"https:\\\/\\\/neues-mitteldeutschland.de\\\/#\\\/schema\\\/logo\\\/image\\\/\"},\"sameAs\":[\"https:\\\/\\\/www.facebook.com\\\/NeuesMitteldeutschland\",\"https:\\\/\\\/www.instagram.com\\\/neues_mitteldeutschland_gc\\\/\"]},{\"@type\":\"Person\",\"@id\":\"https:\\\/\\\/neues-mitteldeutschland.de\\\/#\\\/schema\\\/person\\\/a035875f548cacf83c2f6b0011631327\",\"name\":\"NMD-Admin\",\"image\":{\"@type\":\"ImageObject\",\"inLanguage\":\"de\",\"@id\":\"https:\\\/\\\/secure.gravatar.com\\\/avatar\\\/4c19fba03af26e7fee85b847ac08e68b88b74f1044c942c04173631c7e2607f5?s=96&d=mm&r=g\",\"url\":\"https:\\\/\\\/secure.gravatar.com\\\/avatar\\\/4c19fba03af26e7fee85b847ac08e68b88b74f1044c942c04173631c7e2607f5?s=96&d=mm&r=g\",\"contentUrl\":\"https:\\\/\\\/secure.gravatar.com\\\/avatar\\\/4c19fba03af26e7fee85b847ac08e68b88b74f1044c942c04173631c7e2607f5?s=96&d=mm&r=g\",\"caption\":\"NMD-Admin\"},\"sameAs\":[\"http:\\\/\\\/neuesmitteldeutschland.test\"],\"url\":\"https:\\\/\\\/neues-mitteldeutschland.de\\\/index.php\\\/author\\\/nmd-admin\\\/\"}]}<\/script>\n<!-- \/ Yoast SEO plugin. -->","yoast_head_json":{"title":"Tag des offenen Denkmals 2026 \u2013 Geschichte, Kunst und Begegnungen in Meerane -","robots":{"index":"index","follow":"follow","max-snippet":"max-snippet:-1","max-image-preview":"max-image-preview:large","max-video-preview":"max-video-preview:-1"},"canonical":"https:\/\/neues-mitteldeutschland.de\/index.php\/2026\/09\/02\/tag-des-offenen-denkmals-2026-geschichte-kunst-und-begegnungen-in-meerane\/","og_locale":"de_DE","og_type":"article","og_title":"Tag des offenen Denkmals 2026 \u2013 Geschichte, Kunst und Begegnungen in Meerane -","og_description":"Tag des offenen Denkmals 2026 \u2013 Geschichte, Kunst und Begegnungen in Meerane 13.09.2026 13:00\u201318:00 Unter dem bundesweiten Motto \u201eNetzWERKE: Denkmale &amp; Infrastruktur\u201c l\u00e4dt die Stadt Meerane am 13. September 2026 zum Tag des offenen Denkmals ein. Das diesj\u00e4hrige Motto der Deutschen Stiftung Denkmalschutz r\u00fcckt historische Bauwerke als Orte der Verbindung, des Austauschs und der Begegnung [&hellip;]","og_url":"https:\/\/neues-mitteldeutschland.de\/index.php\/2026\/09\/02\/tag-des-offenen-denkmals-2026-geschichte-kunst-und-begegnungen-in-meerane\/","article_publisher":"https:\/\/www.facebook.com\/NeuesMitteldeutschland","article_published_time":"2026-09-02T12:22:01+00:00","author":"NMD-Admin","twitter_card":"summary_large_image","twitter_misc":{"Verfasst von":"NMD-Admin","Gesch\u00e4tzte Lesezeit":"3\u00a0Minuten"},"schema":{"@context":"https:\/\/schema.org","@graph":[{"@type":"Article","@id":"https:\/\/neues-mitteldeutschland.de\/index.php\/2026\/09\/02\/tag-des-offenen-denkmals-2026-geschichte-kunst-und-begegnungen-in-meerane\/#article","isPartOf":{"@id":"https:\/\/neues-mitteldeutschland.de\/index.php\/2026\/09\/02\/tag-des-offenen-denkmals-2026-geschichte-kunst-und-begegnungen-in-meerane\/"},"author":{"name":"NMD-Admin","@id":"https:\/\/neues-mitteldeutschland.de\/#\/schema\/person\/a035875f548cacf83c2f6b0011631327"},"headline":"Tag des offenen Denkmals 2026 \u2013 Geschichte, Kunst und Begegnungen in Meerane","datePublished":"2026-09-02T12:22:01+00:00","mainEntityOfPage":{"@id":"https:\/\/neues-mitteldeutschland.de\/index.php\/2026\/09\/02\/tag-des-offenen-denkmals-2026-geschichte-kunst-und-begegnungen-in-meerane\/"},"wordCount":446,"publisher":{"@id":"https:\/\/neues-mitteldeutschland.de\/#organization"},"image":{"@id":"https:\/\/neues-mitteldeutschland.de\/index.php\/2026\/09\/02\/tag-des-offenen-denkmals-2026-geschichte-kunst-und-begegnungen-in-meerane\/#primaryimage"},"thumbnailUrl":"https:\/\/neues-mitteldeutschland.de\/wp-content\/uploads\/2025\/10\/Portaleintrag_Meerane.jpg","articleSection":["Meerane"],"inLanguage":"de"},{"@type":"WebPage","@id":"https:\/\/neues-mitteldeutschland.de\/index.php\/2026\/09\/02\/tag-des-offenen-denkmals-2026-geschichte-kunst-und-begegnungen-in-meerane\/","url":"https:\/\/neues-mitteldeutschland.de\/index.php\/2026\/09\/02\/tag-des-offenen-denkmals-2026-geschichte-kunst-und-begegnungen-in-meerane\/","name":"Tag des offenen Denkmals 2026 \u2013 Geschichte, Kunst und Begegnungen in Meerane -","isPartOf":{"@id":"https:\/\/neues-mitteldeutschland.de\/#website"},"primaryImageOfPage":{"@id":"https:\/\/neues-mitteldeutschland.de\/index.php\/2026\/09\/02\/tag-des-offenen-denkmals-2026-geschichte-kunst-und-begegnungen-in-meerane\/#primaryimage"},"image":{"@id":"https:\/\/neues-mitteldeutschland.de\/index.php\/2026\/09\/02\/tag-des-offenen-denkmals-2026-geschichte-kunst-und-begegnungen-in-meerane\/#primaryimage"},"thumbnailUrl":"https:\/\/neues-mitteldeutschland.de\/wp-content\/uploads\/2025\/10\/Portaleintrag_Meerane.jpg","datePublished":"2026-09-02T12:22:01+00:00","breadcrumb":{"@id":"https:\/\/neues-mitteldeutschland.de\/index.php\/2026\/09\/02\/tag-des-offenen-denkmals-2026-geschichte-kunst-und-begegnungen-in-meerane\/#breadcrumb"},"inLanguage":"de","potentialAction":[{"@type":"ReadAction","target":["https:\/\/neues-mitteldeutschland.de\/index.php\/2026\/09\/02\/tag-des-offenen-denkmals-2026-geschichte-kunst-und-begegnungen-in-meerane\/"]}]},{"@type":"ImageObject","inLanguage":"de","@id":"https:\/\/neues-mitteldeutschland.de\/index.php\/2026\/09\/02\/tag-des-offenen-denkmals-2026-geschichte-kunst-und-begegnungen-in-meerane\/#primaryimage","url":"https:\/\/neues-mitteldeutschland.de\/wp-content\/uploads\/2025\/10\/Portaleintrag_Meerane.jpg","contentUrl":"https:\/\/neues-mitteldeutschland.de\/wp-content\/uploads\/2025\/10\/Portaleintrag_Meerane.jpg","width":1200,"height":626},{"@type":"BreadcrumbList","@id":"https:\/\/neues-mitteldeutschland.de\/index.php\/2026\/09\/02\/tag-des-offenen-denkmals-2026-geschichte-kunst-und-begegnungen-in-meerane\/#breadcrumb","itemListElement":[{"@type":"ListItem","position":1,"name":"Start","item":"https:\/\/neues-mitteldeutschland.de\/"},{"@type":"ListItem","position":2,"name":"Tag des offenen Denkmals 2026 \u2013 Geschichte, Kunst und Begegnungen in Meerane"}]},{"@type":"WebSite","@id":"https:\/\/neues-mitteldeutschland.de\/#website","url":"https:\/\/neues-mitteldeutschland.de\/","name":"Neues-Mitteldeutschland","description":"Ihre Werbeagentur, Nachrichten- &amp; Branchenportal","publisher":{"@id":"https:\/\/neues-mitteldeutschland.de\/#organization"},"potentialAction":[{"@type":"SearchAction","target":{"@type":"EntryPoint","urlTemplate":"https:\/\/neues-mitteldeutschland.de\/?s={search_term_string}"},"query-input":{"@type":"PropertyValueSpecification","valueRequired":true,"valueName":"search_term_string"}}],"inLanguage":"de"},{"@type":"Organization","@id":"https:\/\/neues-mitteldeutschland.de\/#organization","name":"Neues-Mitteldeutschland","url":"https:\/\/neues-mitteldeutschland.de\/","logo":{"@type":"ImageObject","inLanguage":"de","@id":"https:\/\/neues-mitteldeutschland.de\/#\/schema\/logo\/image\/","url":"https:\/\/neues-mitteldeutschland.de\/wp-content\/uploads\/2026\/01\/cropped-Logo-Banner.jpg","contentUrl":"https:\/\/neues-mitteldeutschland.de\/wp-content\/uploads\/2026\/01\/cropped-Logo-Banner.jpg","width":1152,"height":170,"caption":"Neues-Mitteldeutschland"},"image":{"@id":"https:\/\/neues-mitteldeutschland.de\/#\/schema\/logo\/image\/"},"sameAs":["https:\/\/www.facebook.com\/NeuesMitteldeutschland","https:\/\/www.instagram.com\/neues_mitteldeutschland_gc\/"]},{"@type":"Person","@id":"https:\/\/neues-mitteldeutschland.de\/#\/schema\/person\/a035875f548cacf83c2f6b0011631327","name":"NMD-Admin","image":{"@type":"ImageObject","inLanguage":"de","@id":"https:\/\/secure.gravatar.com\/avatar\/4c19fba03af26e7fee85b847ac08e68b88b74f1044c942c04173631c7e2607f5?s=96&d=mm&r=g","url":"https:\/\/secure.gravatar.com\/avatar\/4c19fba03af26e7fee85b847ac08e68b88b74f1044c942c04173631c7e2607f5?s=96&d=mm&r=g","contentUrl":"https:\/\/secure.gravatar.com\/avatar\/4c19fba03af26e7fee85b847ac08e68b88b74f1044c942c04173631c7e2607f5?s=96&d=mm&r=g","caption":"NMD-Admin"},"sameAs":["http:\/\/neuesmitteldeutschland.test"],"url":"https:\/\/neues-mitteldeutschland.de\/index.php\/author\/nmd-admin\/"}]}},"publishpress_future_action":{"enabled":true,"date":"2026-09-14 14:18:49","action":"change-status","newStatus":"draft","terms":[0],"taxonomy":"category","extraData":[]},"publishpress_future_workflow_manual_trigger":{"enabledWorkflows":[]},"_links":{"self":[{"href":"https:\/\/neues-mitteldeutschland.de\/index.php\/wp-json\/wp\/v2\/posts\/2895","targetHints":{"allow":["GET"]}}],"collection":[{"href":"https:\/\/neues-mitteldeutschland.de\/index.php\/wp-json\/wp\/v2\/posts"}],"about":[{"href":"https:\/\/neues-mitteldeutschland.de\/index.php\/wp-json\/wp\/v2\/types\/post"}],"author":[{"embeddable":true,"href":"https:\/\/neues-mitteldeutschland.de\/index.php\/wp-json\/wp\/v2\/users\/1"}],"replies":[{"embeddable":true,"href":"https:\/\/neues-mitteldeutschland.de\/index.php\/wp-json\/wp\/v2\/comments?post=2895"}],"version-history":[{"count":1,"href":"https:\/\/neues-mitteldeutschland.de\/index.php\/wp-json\/wp\/v2\/posts\/2895\/revisions"}],"predecessor-version":[{"id":2896,"href":"https:\/\/neues-mitteldeutschland.de\/index.php\/wp-json\/wp\/v2\/posts\/2895\/revisions\/2896"}],"wp:featuredmedia":[{"embeddable":true,"href":"https:\/\/neues-mitteldeutschland.de\/index.php\/wp-json\/wp\/v2\/media\/131"}],"wp:attachment":[{"href":"https:\/\/neues-mitteldeutschland.de\/index.php\/wp-json\/wp\/v2\/media?parent=2895"}],"wp:term":[{"taxonomy":"category","embeddable":true,"href":"https:\/\/neues-mitteldeutschland.de\/index.php\/wp-json\/wp\/v2\/categories?post=2895"},{"taxonomy":"post_tag","embeddable":true,"href":"https:\/\/neues-mitteldeutschland.de\/index.php\/wp-json\/wp\/v2\/tags?post=2895"}],"curies":[{"name":"wp","href":"https:\/\/api.w.org\/{rel}","templated":true}]}}